{"id":364291,"date":"2025-09-03T22:35:20","date_gmt":"2025-09-03T22:35:20","guid":{"rendered":"https:\/\/www.europesays.com\/fr\/364291\/"},"modified":"2025-09-03T22:35:20","modified_gmt":"2025-09-03T22:35:20","slug":"paris-lappartement-de-joeystarr-cambriole-le-prejudice-estime-a-plus-de-100-000-euros","status":"publish","type":"post","link":"https:\/\/www.europesays.com\/fr\/364291\/","title":{"rendered":"Paris : l&rsquo;appartement de JoeyStarr cambriol\u00e9, le pr\u00e9judice estim\u00e9 \u00e0 plus de 100.000 euros"},"content":{"rendered":"<ul class=\"jsx-862013697 ArticleChapo__List\">\n<li class=\"jsx-862013697 ArticleChapo__List_Item flex\">Le domicile parisien de l&rsquo;acteur a \u00e9t\u00e9 cambriol\u00e9, a indiqu\u00e9 ce mercredi le parquet de Paris.<\/li>\n<li class=\"jsx-862013697 ArticleChapo__List_Item flex\">Le montant du pr\u00e9judice s&rsquo;\u00e9l\u00e8verait \u00e0 plus de 100.000 euros en montres de luxe.<\/li>\n<li class=\"jsx-862013697 ArticleChapo__List_Item flex\">Une enqu\u00eate a \u00e9t\u00e9 ouverte.<\/li>\n<\/ul>\n<p data-module=\"article-paragraph\" class=\"jsx-3046738180 Paragraph Paragraph__End\">Le domicile parisien du rappeur et acteur JoeyStarr a \u00e9t\u00e9 <a href=\"https:\/\/www.tf1info.fr\/justice-faits-divers\/video-en-immersion-avec-les-membres-de-la-police-scientifique-qui-traquent-les-auteurs-de-cambriolage-2380991.html\" target=\"_blank\" rel=\"noopener\">cambriol\u00e9<\/a>, pour un pr\u00e9judice estim\u00e9 \u00e0 plus de 100.000 euros, a indiqu\u00e9 ce mercredi 3 septembre le parquet de Paris \u00e0 TF1-LCI, confirmant une information du <a href=\"https:\/\/www.leparisien.fr\/faits-divers\/paris-joeystarr-cambriole-un-prejudice-estime-de-100-000-euros-en-montres-de-luxe-03-09-2025-YZS2TYNPKFGDRIVH5Z3GDU6IHM.php\" target=\"_blank\" rel=\"nofollow noopener\">Parisien (nouvelle fen\u00eatre)<\/a>. Selon le quotidien, la star de 57 ans, qui se serait r\u00e9cemment install\u00e9e dans le 10\u1d49 arrondissement de Paris avec sa compagne a port\u00e9 plainte lundi.\u00a0<\/p>\n<p>Plusieurs montres de luxe disparues<\/p>\n<p data-module=\"article-paragraph\" class=\"jsx-3046738180 Paragraph Paragraph__End\">JoeyStarr, Didier Morville de son vrai nom, a \u00ab\u00a0constat\u00e9 la disparition d&rsquo;objets pour une valeur estim\u00e9e \u00e0 plus de 100.000 euros pendant son sommeil\u00a0\u00bb, nous pr\u00e9cise le parquet, qui a confi\u00e9 une enqu\u00eate pour vol dans un local d&rsquo;habitation au deuxi\u00e8me district de police judiciaire.<\/p>\n<p><a href=\"https:\/\/www.tf1info.fr\/justice-faits-divers\/la-chanteuse-lynda-victime-d-un-cambriolage-a-son-domicile-dans-le-val-d-oise-2385287.html\" rel=\"noopener\" class=\"jsx-3308031228 Link flex\" target=\"_blank\"><img decoding=\"async\" src=\"https:\/\/www.europesays.com\/fr\/wp-content\/uploads\/2025\/09\/voiture-de-police-2107-9154bf-0@1x.jpeg\" alt=\"Getty Images\/iStockphoto\" loading=\"lazy\" importance=\"low\" fetchpriority=\"low\" class=\"\" aria-hidden=\"true\"\/><\/p>\n<p class=\"jsx-3657663356 ReadMoreArticle__Title\">Lire aussi<\/p>\n<p class=\"jsx-3657663356\">Val-d&rsquo;Oise : la chanteuse Lynda victime d&rsquo;un cambriolage \u00e0 son domicile<\/p>\n<p><\/a><\/p>\n<p data-module=\"article-paragraph\" class=\"jsx-3046738180 Paragraph Paragraph__End\">JoeyStarr a commenc\u00e9 sa carri\u00e8re musicale au d\u00e9but des ann\u00e9es 1990 avec Kool Shen, formant un duo mythique du hip-hop fran\u00e7ais Supr\u00eame NTM. Il est ensuite devenu acteur, participant aux com\u00e9dies La Tour Montparnasse Infernale (2001) ou RRRrrrr!!! (2004) avant d&rsquo;\u00eatre nomm\u00e9 \u00e0 deux reprises aux C\u00e9sar pour ses r\u00f4les dans les films de Ma\u00efwenn Le Bal des actrices (2009) et Polisse (2011).<\/p>\n<p>N.K avec AFP<\/p>\n","protected":false},"excerpt":{"rendered":"Le domicile parisien de l&rsquo;acteur a \u00e9t\u00e9 cambriol\u00e9, a indiqu\u00e9 ce mercredi le parquet de Paris. Le montant&hellip;\n","protected":false},"author":2,"featured_media":364292,"comment_status":"","ping_status":"","sticky":false,"template":"","format":"standard","meta":{"footnotes":""},"categories":[1888],"tags":[1111,11,1921,1777,674,6017,1011,27,1922,30290,2954,12,626,1072,25,133,2953],"class_list":{"0":"post-364291","1":"post","2":"type-post","3":"status-publish","4":"format-standard","5":"has-post-thumbnail","7":"category-paris","8":"tag-actu","9":"tag-actualites","10":"tag-article-video","11":"tag-eu","12":"tag-europe","13":"tag-fait-divers","14":"tag-fr","15":"tag-france","16":"tag-info","17":"tag-joeystarr","18":"tag-justice-et-faits-divers","19":"tag-news","20":"tag-paris","21":"tag-police","22":"tag-republique-francaise","23":"tag-video","24":"tag-video-police"},"share_on_mastodon":{"url":"https:\/\/pubeurope.com\/@fr\/115142756019897241","error":""},"_links":{"self":[{"href":"https:\/\/www.europesays.com\/fr\/wp-json\/wp\/v2\/posts\/364291","targetHints":{"allow":["GET"]}}],"collection":[{"href":"https:\/\/www.europesays.com\/fr\/wp-json\/wp\/v2\/posts"}],"about":[{"href":"https:\/\/www.europesays.com\/fr\/wp-json\/wp\/v2\/types\/post"}],"author":[{"embeddable":true,"href":"https:\/\/www.europesays.com\/fr\/wp-json\/wp\/v2\/users\/2"}],"replies":[{"embeddable":true,"href":"https:\/\/www.europesays.com\/fr\/wp-json\/wp\/v2\/comments?post=364291"}],"version-history":[{"count":0,"href":"https:\/\/www.europesays.com\/fr\/wp-json\/wp\/v2\/posts\/364291\/revisions"}],"wp:featuredmedia":[{"embeddable":true,"href":"https:\/\/www.europesays.com\/fr\/wp-json\/wp\/v2\/media\/364292"}],"wp:attachment":[{"href":"https:\/\/www.europesays.com\/fr\/wp-json\/wp\/v2\/media?parent=364291"}],"wp:term":[{"taxonomy":"category","embeddable":true,"href":"https:\/\/www.europesays.com\/fr\/wp-json\/wp\/v2\/categories?post=364291"},{"taxonomy":"post_tag","embeddable":true,"href":"https:\/\/www.europesays.com\/fr\/wp-json\/wp\/v2\/tags?post=364291"}],"curies":[{"name":"wp","href":"https:\/\/api.w.org\/{rel}","templated":true}]}}