{"id":364295,"date":"2025-09-03T22:37:15","date_gmt":"2025-09-03T22:37:15","guid":{"rendered":"https:\/\/www.europesays.com\/fr\/364295\/"},"modified":"2025-09-03T22:37:15","modified_gmt":"2025-09-03T22:37:15","slug":"leurope-est-prete-a-assurer-une-paix-robuste-durable-pour-lukraine-et-pour-les-europeens-assure-emmanuel-macron-devant-volodymyr-zelensky","status":"publish","type":"post","link":"https:\/\/www.europesays.com\/fr\/364295\/","title":{"rendered":"l\u2019Europe est pr\u00eate \u00e0 assurer \u00ab\u00a0une paix robuste, durable pour l\u2019Ukraine et pour les Europ\u00e9ens\u00a0\u00bb, assure Emmanuel Macron devant Volodymyr Zelensky"},"content":{"rendered":"<p>   Le secr\u00e9taire g\u00e9n\u00e9ral de l\u2019OTAN attend de la r\u00e9union de jeudi d\u2019avoir \u00ab\u00a0une id\u00e9e claire\u00a0\u00bb de l\u2019engagement des Europ\u00e9ens             <\/p>\n<p class=\"post__live-container--answer-text post__space-node\">La r\u00e9union jeudi \u00e0 Paris de la \u00ab\u00a0coalition des volontaires\u00a0\u00bb va \u00ab\u00a0clarifier\u00a0\u00bb l\u2019engagement des Europ\u00e9ens dans le cadre des garanties de s\u00e9curit\u00e9 pour l\u2019Ukraine, en attendant la contribution am\u00e9ricaine, a affirm\u00e9 mercredi le secr\u00e9taire g\u00e9n\u00e9ral de l\u2019OTAN, Mark Rutte.<\/p>\n<p class=\"post__live-container--answer-text post__space-node\">\u00ab\u00a0Je m\u2019attends \u00e0 avoir demain [jeudi], ou peu de temps apr\u00e8s, une id\u00e9e claire de ce que nous pouvons accomplir collectivement\u00a0\u00bb pour garantir la s\u00e9curit\u00e9 de l\u2019Ukraine, a-t-il d\u00e9clar\u00e9 devant la presse \u00e0 Bruxelles. \u00ab\u00a0Cela signifie que nous pouvons nous engager encore plus profond\u00e9ment, avec les Am\u00e9ricains, pour voir ce qu\u2019ils souhaitent apporter concernant leur participation\u00a0\u00bb, a-t-il ajout\u00e9.<\/p>\n<p class=\"post__live-container--answer-text post__space-node\">Les Europ\u00e9ens vont acter jeudi, lors d\u2019une r\u00e9union \u00e0 Paris et en visioconf\u00e9rence, qu\u2019ils sont \u00ab\u00a0pr\u00eats\u00a0\u00bb en vue de l\u2019octroi de garanties de s\u00e9curit\u00e9 \u00e0 l\u2019Ukraine et attendent d\u00e9sormais un \u00ab\u00a0soutien\u00a0\u00bb concret des Am\u00e9ricains, a annonc\u00e9 la pr\u00e9sidence fran\u00e7aise.<\/p>\n<p class=\"post__live-container--answer-text post__space-node\">La \u00ab\u00a0coalition des volontaires\u00a0\u00bb r\u00e9unit une trentaine de pays, principalement europ\u00e9ens, pr\u00eats \u00e0 apporter un soutien \u00e0 l\u2019arm\u00e9e ukrainienne, voire \u00e0 d\u00e9ployer des soldats en Ukraine une fois un cessez-le-feu conclu, pour dissuader la Russie de toute nouvelle agression. Mais certains d\u2019entre eux se sont montr\u00e9s h\u00e9sitants dans l\u2019attente de la contribution des Etats-Unis, que plusieurs pays europ\u00e9ens jugent indispensable avant tout engagement de leur part.<\/p>\n<p class=\"post__live-container--answer-text post__space-node\">Donald Trump a promis le 18\u00a0ao\u00fbt que les Etats-Unis seraient aux c\u00f4t\u00e9s des Europ\u00e9ens, dans le cadre de ces garanties de s\u00e9curit\u00e9 pour l\u2019Ukraine cens\u00e9es \u00eatre mises en \u0153uvre apr\u00e8s un cessez-le-feu ou un accord de paix, qui restent encore \u00e0 trouver. Ce \u00ab\u00a0filet de s\u00e9curit\u00e9\u00a0\u00bb am\u00e9ricain, ou \u00ab\u00a0backstop\u00a0\u00bb en anglais, pourrait prendre diff\u00e9rentes formes \u2013 renseignement, soutien logistique, communications \u2013 le pr\u00e9sident am\u00e9ricain ayant exclu l\u2019envoi de troupes am\u00e9ricaines au sol.<\/p>\n<p>                 <img decoding=\"async\" class=\"post__live-container--img post__space-node\"  src=\"https:\/\/www.europesays.com\/fr\/wp-content\/uploads\/2025\/09\/354f013_ftp-import-images-1-odjpfcbzpzas-2025-09-03t090031z-260231204-rc2acgapcihi-rtrmadp-3-ukraine.jpeg\" data- alt=\"Le secr\u00e9taire g\u00e9n\u00e9ral de l\u2019OTAN, Mark Rutte, \u00e0 Kiev, le 22\u00a0ao\u00fbt 2025.\"\/>   Le secr\u00e9taire g\u00e9n\u00e9ral de l\u2019OTAN, Mark Rutte, \u00e0 Kiev, le 22\u00a0ao\u00fbt 2025. THOMAS PETER\/REUTERS         <\/p>\n","protected":false},"excerpt":{"rendered":"Le secr\u00e9taire g\u00e9n\u00e9ral de l\u2019OTAN attend de la r\u00e9union de jeudi d\u2019avoir \u00ab\u00a0une id\u00e9e claire\u00a0\u00bb de l\u2019engagement des&hellip;\n","protected":false},"author":2,"featured_media":363987,"comment_status":"","ping_status":"","sticky":false,"template":"","format":"standard","meta":{"footnotes":""},"categories":[1590],"tags":[11,1777,674,12,220],"class_list":{"0":"post-364295","1":"post","2":"type-post","3":"status-publish","4":"format-standard","5":"has-post-thumbnail","7":"category-ukraine","8":"tag-actualites","9":"tag-eu","10":"tag-europe","11":"tag-news","12":"tag-ukraine"},"share_on_mastodon":{"url":"https:\/\/pubeurope.com\/@fr\/115142763748495990","error":""},"_links":{"self":[{"href":"https:\/\/www.europesays.com\/fr\/wp-json\/wp\/v2\/posts\/364295","targetHints":{"allow":["GET"]}}],"collection":[{"href":"https:\/\/www.europesays.com\/fr\/wp-json\/wp\/v2\/posts"}],"about":[{"href":"https:\/\/www.europesays.com\/fr\/wp-json\/wp\/v2\/types\/post"}],"author":[{"embeddable":true,"href":"https:\/\/www.europesays.com\/fr\/wp-json\/wp\/v2\/users\/2"}],"replies":[{"embeddable":true,"href":"https:\/\/www.europesays.com\/fr\/wp-json\/wp\/v2\/comments?post=364295"}],"version-history":[{"count":0,"href":"https:\/\/www.europesays.com\/fr\/wp-json\/wp\/v2\/posts\/364295\/revisions"}],"wp:featuredmedia":[{"embeddable":true,"href":"https:\/\/www.europesays.com\/fr\/wp-json\/wp\/v2\/media\/363987"}],"wp:attachment":[{"href":"https:\/\/www.europesays.com\/fr\/wp-json\/wp\/v2\/media?parent=364295"}],"wp:term":[{"taxonomy":"category","embeddable":true,"href":"https:\/\/www.europesays.com\/fr\/wp-json\/wp\/v2\/categories?post=364295"},{"taxonomy":"post_tag","embeddable":true,"href":"https:\/\/www.europesays.com\/fr\/wp-json\/wp\/v2\/tags?post=364295"}],"curies":[{"name":"wp","href":"https:\/\/api.w.org\/{rel}","templated":true}]}}