{"id":364296,"date":"2025-09-03T22:38:13","date_gmt":"2025-09-03T22:38:13","guid":{"rendered":"https:\/\/www.europesays.com\/fr\/364296\/"},"modified":"2025-09-03T22:38:13","modified_gmt":"2025-09-03T22:38:13","slug":"le-president-russo-chinois-coreen-condamne-les-usa","status":"publish","type":"post","link":"https:\/\/www.europesays.com\/fr\/364296\/","title":{"rendered":"Le pr\u00e9sident russo-chinois-cor\u00e9en condamne les USA"},"content":{"rendered":"<p>ARTA &#8211; L\u2019avocat du Kremlin, Yuryushakov, a rejet\u00e9 la conspiration du pr\u00e9sident russe Vladimir Poutine, du dirigeant chinois Xi Jinping et de la Cor\u00e9e du Nord Kim Jong-un contre les \u00c9tats-Unis.<\/p>\n<p>akov a \u00e9t\u00e9 transmis en commentant le message du pr\u00e9sident am\u00e9ricain Donald Trump alors que les trois dirigeants \u00e9taient pr\u00e9sents mercredi \u00e0 un d\u00e9fil\u00e9 militaire pour marquer le 80e anniversaire du \u00ab Jour de la Victoire \u00bb \u00e0 P\u00e9kin, en Chine.<\/p>\n<p>J&rsquo;aimerais dire que personne n&rsquo;a l&rsquo;intention de conspirer (contre les \u00c9tats-Unis) \u00bb, a expliqu\u00e9 upchatov \u00e0 la journaliste ovatrk Pavel Ziubin, cit\u00e9 par TASS le 3 septembre.<\/p>\n<p>an, \u201cEn outre, je peux dire que tout le monde comprend le r\u00f4le des \u00c9tats-Unis, de l\u2019administration Trump et du pr\u00e9sident Trump personnellement dans la narration mondiale actuelle,\u201d a d\u00e9clar\u00e9 le chef du comit\u00e9 du Kremlin.<\/p>\n<p>Xi a c\u00e9l\u00e9br\u00e9 le 80e anniversaire du Jour de la Victoire rempli de d\u00e9fil\u00e9s militaires sur la place Tiananmen jusqu\u2019\u00e0 la r\u00e9ception gala de la Grande Salle du peuple, en pr\u00e9sence de 26 chefs d\u2019\u00c9tat ou de gouvernement, chefs d\u2019organismes internationaux et invit\u00e9s, dont le pr\u00e9sident Poutine et le dirigeant Kim.<\/p>\n<p>rallah al-Mashtab al-Mashtab al-Mashtab al-Mashtab al-Mashtab al-Mashtab al-Mashtab al-Mashtab al-Mashtab al-Mashtab al-Mashtab al-Mashtab al-Mashtab al-Mashtab al-Mashtab al-Mashtab al-Mashtab al-Mashtab al-Mashtab al-Mashtab al-Mashtab al-Mashtab al-Mashtab al-Mashtab al-Mashtab al-Mashtab al-Mashtab al-Mashtab al-Mashtab al-Mashtab al-Mashtab al-Mashtab al-Mashtab al-Mashtab al-Mashtab al-Mashtab al-Mashtab al-Mashtab al-Mashtab al-Mashtab al-Mashtab al-Mashtab al-Mashtab al-Mashtab al-Mashtab al-Mashtab al-Mashtab al-Mashtab al-Mashtab al-Mashtab al-<\/p>\n<p>The English, Chinese, Japanese, Arabic, and French versions are automatically generated by the AI. So there may still be inaccuracies in translating, please always see Indonesian as our main language.<br \/>\n                                    (system supported by DigitalSiber.id)<\/p>\n","protected":false},"excerpt":{"rendered":"ARTA &#8211; L\u2019avocat du Kremlin, Yuryushakov, a rejet\u00e9 la conspiration du pr\u00e9sident russe Vladimir Poutine, du dirigeant chinois&hellip;\n","protected":false},"author":2,"featured_media":364297,"comment_status":"","ping_status":"","sticky":false,"template":"","format":"standard","meta":{"footnotes":""},"categories":[1589],"tags":[11,5436,309,49892,73,1866,15404,4998,12,49889,8013,49890,1864,1865,1863,308,49891,7084,49893],"class_list":{"0":"post-364296","1":"post","2":"type-post","3":"status-publish","4":"format-standard","5":"has-post-thumbnail","7":"category-etats-unis","8":"tag-actualites","9":"tag-ar","10":"tag-chine","11":"tag-donald-drum","12":"tag-etats-unis","13":"tag-etats-unis-damerique","14":"tag-kim-jong-un","15":"tag-kremlin","16":"tag-news","17":"tag-nord-coreen","18":"tag-russe","19":"tag-syndiques-americains","20":"tag-united-states","21":"tag-united-states-of-america","22":"tag-us","23":"tag-usa","24":"tag-vasimir-erk","25":"tag-xi-jinping","26":"tag-yury-ushakov"},"share_on_mastodon":{"url":"https:\/\/pubeurope.com\/@fr\/115142767640582138","error":""},"_links":{"self":[{"href":"https:\/\/www.europesays.com\/fr\/wp-json\/wp\/v2\/posts\/364296","targetHints":{"allow":["GET"]}}],"collection":[{"href":"https:\/\/www.europesays.com\/fr\/wp-json\/wp\/v2\/posts"}],"about":[{"href":"https:\/\/www.europesays.com\/fr\/wp-json\/wp\/v2\/types\/post"}],"author":[{"embeddable":true,"href":"https:\/\/www.europesays.com\/fr\/wp-json\/wp\/v2\/users\/2"}],"replies":[{"embeddable":true,"href":"https:\/\/www.europesays.com\/fr\/wp-json\/wp\/v2\/comments?post=364296"}],"version-history":[{"count":0,"href":"https:\/\/www.europesays.com\/fr\/wp-json\/wp\/v2\/posts\/364296\/revisions"}],"wp:featuredmedia":[{"embeddable":true,"href":"https:\/\/www.europesays.com\/fr\/wp-json\/wp\/v2\/media\/364297"}],"wp:attachment":[{"href":"https:\/\/www.europesays.com\/fr\/wp-json\/wp\/v2\/media?parent=364296"}],"wp:term":[{"taxonomy":"category","embeddable":true,"href":"https:\/\/www.europesays.com\/fr\/wp-json\/wp\/v2\/categories?post=364296"},{"taxonomy":"post_tag","embeddable":true,"href":"https:\/\/www.europesays.com\/fr\/wp-json\/wp\/v2\/tags?post=364296"}],"curies":[{"name":"wp","href":"https:\/\/api.w.org\/{rel}","templated":true}]}}