{"id":364298,"date":"2025-09-03T22:39:12","date_gmt":"2025-09-03T22:39:12","guid":{"rendered":"https:\/\/www.europesays.com\/fr\/364298\/"},"modified":"2025-09-03T22:39:12","modified_gmt":"2025-09-03T22:39:12","slug":"royaume-uni-la-croissance-saccelere-dans-les-services-pmi-03-09-2025-a-1054","status":"publish","type":"post","link":"https:\/\/www.europesays.com\/fr\/364298\/","title":{"rendered":"Royaume-Uni: la croissance s&rsquo;acc\u00e9l\u00e8re dans les services (PMI) &#8211; 03\/09\/2025 \u00e0 10:54"},"content":{"rendered":"<p>                                                                (Zonebourse.com) &#8211; Le secteur priv\u00e9 des services britannique a connu une nette embellie au mois d&rsquo;ao\u00fbt en signant sa croissance la plus rapide en pr\u00e8s d&rsquo;un an et demi, soutenu par un rebond des prises de commandes.<\/p>\n<p>L&rsquo;indice PMI des services produit par S&amp;P Global a en effet augment\u00e9 \u00e0 54,2 apr\u00e8s 51,8 en juillet, alors que la premi\u00e8re lecture le donnait \u00e0 53,6.\n<\/p>\n<p>Il s&rsquo;agit de son plus haut niveau depuis avril 2024.\n<\/p>\n<p>D&rsquo;apr\u00e8s S&amp;P Global, ces chiffres t\u00e9moignent d&rsquo;un rythme soutenu de la croissance dans le secteur des services, contrastant avec la relative morosit\u00e9 qui avait pu \u00eatre observ\u00e9e au cours du deuxi\u00e8me trimestre.\n<\/p>\n<p>Selon le cabinet de recherche \u00e9conomique, les nouvelles commandes dans les services ont de nouveau augment\u00e9 le mois dernier, apr\u00e8s leur acc\u00e8s de faiblesse de juillet, tandis que l&rsquo;optimisme des entreprises est revenu \u00e0 un plus haut de 10 mois.\n<\/p>\n<p>L&#8217;emploi reste n\u00e9anmoins un point faible puisque les effectifs ont diminu\u00e9 pour le onzi\u00e8me mois cons\u00e9cutif, refl\u00e9tant des inqui\u00e9tudes g\u00e9n\u00e9ralis\u00e9es quant \u00e0 l&rsquo;impact de la hausse des co\u00fbts salariaux.\n<\/p>\n<p>Ces chiffres meilleurs que pr\u00e9vu pourraient malgr\u00e9 tout compliquer la t\u00e2che de la Banque d&rsquo;Angleterre (BoE), qui avait abaiss\u00e9 ses taux le mois dernier en raison d&rsquo;indicateurs d&rsquo;activit\u00e9 jug\u00e9s faibles, en d\u00e9pit de pressions inflationnistes persistantes, et qui devrait de nouveau r\u00e9duire ses taux d&rsquo;ici \u00e0 la fin de l&rsquo;ann\u00e9e, puis de nouveau en d\u00e9but d&rsquo;ann\u00e9e prochaine, selon les analystes.<\/p>\n","protected":false},"excerpt":{"rendered":"(Zonebourse.com) &#8211; Le secteur priv\u00e9 des services britannique a connu une nette embellie au mois d&rsquo;ao\u00fbt en signant&hellip;\n","protected":false},"author":2,"featured_media":9135,"comment_status":"","ping_status":"","sticky":false,"template":"","format":"standard","meta":{"footnotes":""},"categories":[1588],"tags":[400,11,398,408,405,1777,674,403,402,399,404,12,473,1853,401,406,1851,1850,1852,407],"class_list":{"0":"post-364298","1":"post","2":"type-post","3":"status-publish","4":"format-standard","5":"has-post-thumbnail","7":"category-royaume-uni","8":"tag-action-cac-40","9":"tag-actualites","10":"tag-bourse-de-paris","11":"tag-boursorama","12":"tag-cotations","13":"tag-eu","14":"tag-europe","15":"tag-indices-devises","16":"tag-investir","17":"tag-investissement","18":"tag-marche-boursier","19":"tag-news","20":"tag-royaume-uni","21":"tag-royaume-uni-de-grande-bretagne-et-dirlande-du-nord","22":"tag-sicav","23":"tag-trackers","24":"tag-uk","25":"tag-united-kingdom","26":"tag-united-kingdom-of-great-britain-and-northern-ireland","27":"tag-warrants"},"share_on_mastodon":{"url":"https:\/\/pubeurope.com\/@fr\/115142771608076327","error":""},"_links":{"self":[{"href":"https:\/\/www.europesays.com\/fr\/wp-json\/wp\/v2\/posts\/364298","targetHints":{"allow":["GET"]}}],"collection":[{"href":"https:\/\/www.europesays.com\/fr\/wp-json\/wp\/v2\/posts"}],"about":[{"href":"https:\/\/www.europesays.com\/fr\/wp-json\/wp\/v2\/types\/post"}],"author":[{"embeddable":true,"href":"https:\/\/www.europesays.com\/fr\/wp-json\/wp\/v2\/users\/2"}],"replies":[{"embeddable":true,"href":"https:\/\/www.europesays.com\/fr\/wp-json\/wp\/v2\/comments?post=364298"}],"version-history":[{"count":0,"href":"https:\/\/www.europesays.com\/fr\/wp-json\/wp\/v2\/posts\/364298\/revisions"}],"wp:featuredmedia":[{"embeddable":true,"href":"https:\/\/www.europesays.com\/fr\/wp-json\/wp\/v2\/media\/9135"}],"wp:attachment":[{"href":"https:\/\/www.europesays.com\/fr\/wp-json\/wp\/v2\/media?parent=364298"}],"wp:term":[{"taxonomy":"category","embeddable":true,"href":"https:\/\/www.europesays.com\/fr\/wp-json\/wp\/v2\/categories?post=364298"},{"taxonomy":"post_tag","embeddable":true,"href":"https:\/\/www.europesays.com\/fr\/wp-json\/wp\/v2\/tags?post=364298"}],"curies":[{"name":"wp","href":"https:\/\/api.w.org\/{rel}","templated":true}]}}