{"id":364299,"date":"2025-09-03T22:40:23","date_gmt":"2025-09-03T22:40:23","guid":{"rendered":"https:\/\/www.europesays.com\/fr\/364299\/"},"modified":"2025-09-03T22:40:23","modified_gmt":"2025-09-03T22:40:23","slug":"six-candidats-nationalistes-de-lafd-meurent-a-quelques-jours-des-elections-en-allemagne","status":"publish","type":"post","link":"https:\/\/www.europesays.com\/fr\/364299\/","title":{"rendered":"six candidats nationalistes de l\u2019AfD meurent \u00e0 quelques jours des \u00e9lections en Allemagne"},"content":{"rendered":"<p>De nombreux internautes sp\u00e9culent sur des \u00abassassinats d\u00e9guis\u00e9s\u00bb, bien que la police ait annonc\u00e9 qu\u2019il s\u2019agissait de morts naturelles et d\u2019un suicide.<\/p>\n<p class=\"fig-paragraph\">Les partisans de l\u2019<a href=\"http:\/\/www.lefigaro.fr\/international\/a-la-barre-d-un-tribunal-allemand-un-espion-chinois-presume-un-eurodepute-afd-et-de-multiples-secrets-20250805\" target=\"_blank\" data-fig-type=\"Article\" rel=\"noopener nofollow\" data-gtm-custom-categorie=\"navigation\" data-gtm-custom-action=\"crossclick\" data-gtm-custom-label=\"Contextuel\" data-gtm-event=\"customEventSPE\" data-fig-domain=\"LEFIGARO\">AfD<\/a>\u00a0peinent \u00e0 croire \u00e0 une simple co\u00efncidence. Six candidats du parti nationaliste allemand, qui se pr\u00e9sentaient aux\u00a0<a href=\"http:\/\/www.lefigaro.fr\/politique\/la-perspective-d-une-nouvelle-dissolution-fait-craindre-des-elections-municipales-invisibilisees-20250902\" target=\"_blank\" data-fig-type=\"Article\" rel=\"noopener nofollow\" data-gtm-custom-categorie=\"navigation\" data-gtm-custom-action=\"crossclick\" data-gtm-custom-label=\"Contextuel\" data-gtm-event=\"customEventSPE\" data-fig-domain=\"LEFIGARO\">\u00e9lections municipales<\/a>\u00a0du 14 septembre en Rh\u00e9nanie-du-Nord-Westphalie, sont morts en l\u2019espace de quelques semaines seulement.<\/p>\n<p class=\"fig-paragraph\">La codirigeante du parti, Alice Weidel, a sous-entendu le 31 ao\u00fbt que ces d\u00e9c\u00e8s \u00e9taient suspects. \u00abQuatre candidats de l\u2019AfD sont morts\u00bb, a-t-elle \u00e9crit sur X en citant la publication d\u2019un ancien \u00e9conomiste expliquant que c\u2019\u00e9tait \u00abpresque impossible statistiquement\u00bb.\u00a0<a href=\"http:\/\/www.lefigaro.fr\/international\/elon-musk-apporte-son-soutien-a-des-manifestants-anti-immigration-au-japon-20250902\" target=\"_blank\" data-fig-type=\"NewsFlash\" rel=\"noopener nofollow\" data-gtm-custom-categorie=\"navigation\" data-gtm-custom-action=\"crossclick\" data-gtm-custom-label=\"Contextuel\" data-gtm-event=\"customEventSPE\" data-fig-domain=\"LEFIGARO\">Elon Musk<\/a>, propri\u00e9taire du r\u00e9seau social et soutien du parti, a \u00e9galement relay\u00e9 la publication.<\/p>\n<p>                                    <a class=\"fig-a11y-skip a11y-hidden\" href=\"#fig-a11y-skip-main-inarticle\"><br \/>\n        Passer la publicit\u00e9<br \/>\n    <\/a><\/p>\n<p class=\"fig-paragraph\">Entre-temps, deux autres candidats ont \u00e9t\u00e9 d\u00e9clar\u00e9s morts, et les r\u00e9actions sur les r\u00e9seaux sociaux se sont d\u00e9multipli\u00e9es, de nombreux internautes qualifiant ces d\u00e9c\u00e8s d\u2019\u00abassassinats d\u00e9guis\u00e9s\u00bb.<\/p>\n<p>Cinq morts naturelles, un suicide<\/p>\n<p class=\"fig-paragraph\">D\u2019apr\u00e8s la police allemande toutefois, qui a enqu\u00eat\u00e9 sur cette \u00e9trange \u00e9pid\u00e9mie de d\u00e9c\u00e8s, cinq candidats sont morts \u00abnaturellement\u00bb, notamment de maladies chroniques, tandis que le sixi\u00e8me s\u2019est suicid\u00e9. \u00abNous d\u00e9plorons aussi six cas de d\u00e9c\u00e8s dans d\u2019autres formations politiques, notamment le Parti de d\u00e9fense des animaux, des \u00c9lecteurs libres, le Parti lib\u00e9ral et les Verts\u00bb, a soulign\u00e9 le porte-parole de la direction r\u00e9gionale charg\u00e9e de l\u2019organisation des \u00e9lections, selon Le Parisien. \u00abDe tels d\u00e9c\u00e8s se produisent \u00e0 chaque \u00e9lection, ind\u00e9pendamment des partis.\u00bb<\/p>\n<p class=\"fig-paragraph\">Le vice-pr\u00e9sident de l\u2019AfD dans la r\u00e9gion, Kay Gottschalk, a \u00e9galement tent\u00e9 de d\u00e9samorcer les sp\u00e9culations. \u00abPour l\u2019instant, rien ne permet de supposer qu\u2019il ne s\u2019agit pas d\u2019un hasard. Mais nous allons tout de m\u00eame examiner tous ces cas de pr\u00e8s\u00bb, a-t-il assur\u00e9, cit\u00e9 par\u00a0<a href=\"https:\/\/www.newsweek.com\/far-right-german-afd-candidates-die-before-election-north-rhine-westphalia-2123763\" target=\"_blank\" rel=\"noopener nofollow\" data-gtm-custom-categorie=\"navigation\" data-gtm-custom-action=\"crossclick\" data-gtm-custom-label=\"Contextuel\" data-gtm-event=\"customEventSPE\">Der Spiegel<\/a> . En cons\u00e9quence de ces morts inattendues, plusieurs villes ont d\u00fb r\u00e9imprimer des bulletins de vote avec de nouveaux noms, et annuler les votes par correspondance d\u00e9j\u00e0 envoy\u00e9s.<\/p>\n<p class=\"fig-paragraph\">Le parti nationaliste avait r\u00e9alis\u00e9 une perc\u00e9e aux derni\u00e8res l\u00e9gislatives de f\u00e9vrier, obtenant 20,1% des voix et devenant le premier parti d\u2019opposition au parlement. Nul doute que cette pol\u00e9mique pourrait \u00e0 nouveau b\u00e9n\u00e9ficier aux listes de l\u2019AfD.<\/p>\n","protected":false},"excerpt":{"rendered":"De nombreux internautes sp\u00e9culent sur des \u00abassassinats d\u00e9guis\u00e9s\u00bb, bien que la police ait annonc\u00e9 qu\u2019il s\u2019agissait de morts&hellip;\n","protected":false},"author":2,"featured_media":364300,"comment_status":"","ping_status":"","sticky":false,"template":"","format":"standard","meta":{"footnotes":""},"categories":[1587],"tags":[11,1862,672,1804,1805,1803,1777,674,1801,12,1802],"class_list":{"0":"post-364299","1":"post","2":"type-post","3":"status-publish","4":"format-standard","5":"has-post-thumbnail","7":"category-allemagne","8":"tag-actualites","9":"tag-afd","10":"tag-allemagne","11":"tag-bundesrepublik-deutschland","12":"tag-de","13":"tag-deutschland","14":"tag-eu","15":"tag-europe","16":"tag-germany","17":"tag-news","18":"tag-republique-federale-dallemagne"},"share_on_mastodon":{"url":"https:\/\/pubeurope.com\/@fr\/115142775520747083","error":""},"_links":{"self":[{"href":"https:\/\/www.europesays.com\/fr\/wp-json\/wp\/v2\/posts\/364299","targetHints":{"allow":["GET"]}}],"collection":[{"href":"https:\/\/www.europesays.com\/fr\/wp-json\/wp\/v2\/posts"}],"about":[{"href":"https:\/\/www.europesays.com\/fr\/wp-json\/wp\/v2\/types\/post"}],"author":[{"embeddable":true,"href":"https:\/\/www.europesays.com\/fr\/wp-json\/wp\/v2\/users\/2"}],"replies":[{"embeddable":true,"href":"https:\/\/www.europesays.com\/fr\/wp-json\/wp\/v2\/comments?post=364299"}],"version-history":[{"count":0,"href":"https:\/\/www.europesays.com\/fr\/wp-json\/wp\/v2\/posts\/364299\/revisions"}],"wp:featuredmedia":[{"embeddable":true,"href":"https:\/\/www.europesays.com\/fr\/wp-json\/wp\/v2\/media\/364300"}],"wp:attachment":[{"href":"https:\/\/www.europesays.com\/fr\/wp-json\/wp\/v2\/media?parent=364299"}],"wp:term":[{"taxonomy":"category","embeddable":true,"href":"https:\/\/www.europesays.com\/fr\/wp-json\/wp\/v2\/categories?post=364299"},{"taxonomy":"post_tag","embeddable":true,"href":"https:\/\/www.europesays.com\/fr\/wp-json\/wp\/v2\/tags?post=364299"}],"curies":[{"name":"wp","href":"https:\/\/api.w.org\/{rel}","templated":true}]}}