{"id":364301,"date":"2025-09-03T22:41:11","date_gmt":"2025-09-03T22:41:11","guid":{"rendered":"https:\/\/www.europesays.com\/fr\/364301\/"},"modified":"2025-09-03T22:41:11","modified_gmt":"2025-09-03T22:41:11","slug":"news-radiohead-en-tournee-en-europe-cet-automne","status":"publish","type":"post","link":"https:\/\/www.europesays.com\/fr\/364301\/","title":{"rendered":"News : Radiohead en tourn\u00e9e en Europe cet automne"},"content":{"rendered":"<p>       Apr\u00e8s plusieurs jours de rumeurs, Radiohead ont officialis\u00e9 cet apr\u00e8s-midi leur retour sur sc\u00e8ne en fin d&rsquo;ann\u00e9e 2025 pour une courte tourn\u00e9e en Europe devant faire escale successivement \u00e0 Madrid, Bologne, Londres, Copenhague et Berlin, quatre dates \u00e9tant pr\u00e9vues par le groupe dans chacune des villes.<\/p>\n<p>Le programme complet de la tourn\u00e9e est le suivant :&#13;\n<\/p>\n<p>04.11.2025 &#8211; Madrid, Movistar Arena<br \/>&#13;<br \/>\n05.11.2025 &#8211; Madrid, Movistar Arena<br \/>&#13;<br \/>\n07.11.2025 &#8211; Madrid, Movistar Arena<br \/>&#13;<br \/>\n08.11.2025 &#8211; Madrid, Movistar Arena<br \/>&#13;<br \/>\n14.11.2025 &#8211; Bologne, Unipol Arena<br \/>&#13;<br \/>\n15.11.2025 &#8211; Bologne, Unipol Arena<br \/>&#13;<br \/>\n17.11.2025 &#8211; Bologne, Unipol Arena<br \/>&#13;<br \/>\n18.11.2025 &#8211; Bologne, Unipol Arena<br \/>&#13;<br \/>\n21.11.2025 &#8211; Londres, The O2<br \/>&#13;<br \/>\n22.11.2025 &#8211; Londres, The O2<br \/>&#13;<br \/>\n24.11.2025 &#8211; Londres, The O2<br \/>&#13;<br \/>\n25.11.2025 &#8211; Londres, The O2<br \/>&#13;<br \/>\n01.12.2025 &#8211; Copenhague, Royal Arena<br \/>&#13;<br \/>\n02.12.2025 &#8211; Copenhague, Royal Arena<br \/>&#13;<br \/>\n04.12.2025 &#8211; Copenhague, Royal Arena<br \/>&#13;<br \/>\n05.12.2025 &#8211; Copenhague, Royal Arena<br \/>&#13;<br \/>\n08.12.2025 &#8211; Berlin, Uber Arena<br \/>&#13;<br \/>\n09.12.2025 &#8211; Berlin, Uber Arena<br \/>&#13;<br \/>\n11.12.2025 &#8211; Berlin, Uber Arena<br \/>&#13;<br \/>\n12.12.2025 &#8211; Berlin, Uber Arena<\/p>\n<p>A noter que l&rsquo;acc\u00e8s aux billets pour ces concerts se fera uniquement par le biais du site <a href=\"http:\/\/wwww.radiohead.com\" target=\"_blank\" rel=\"nofollow noopener\">wwww.radiohead.com<\/a>, des inscriptions \u00e9tant ouvertes du vendredi 5 septembre \u00e0 11h heure fran\u00e7aise au dimanche 7 septembre \u00e0 23h heure fran\u00e7aise. <\/p>\n","protected":false},"excerpt":{"rendered":"Apr\u00e8s plusieurs jours de rumeurs, Radiohead ont officialis\u00e9 cet apr\u00e8s-midi leur retour sur sc\u00e8ne en fin d&rsquo;ann\u00e9e 2025&hellip;\n","protected":false},"author":2,"featured_media":364302,"comment_status":"","ping_status":"","sticky":false,"template":"","format":"standard","meta":{"footnotes":""},"categories":[1586],"tags":[11,1777,674,1011,27,12,25],"class_list":{"0":"post-364301","1":"post","2":"type-post","3":"status-publish","4":"format-standard","5":"has-post-thumbnail","7":"category-europe","8":"tag-actualites","9":"tag-eu","10":"tag-europe","11":"tag-fr","12":"tag-france","13":"tag-news","14":"tag-republique-francaise"},"share_on_mastodon":{"url":"https:\/\/pubeurope.com\/@fr\/115142779418431228","error":""},"_links":{"self":[{"href":"https:\/\/www.europesays.com\/fr\/wp-json\/wp\/v2\/posts\/364301","targetHints":{"allow":["GET"]}}],"collection":[{"href":"https:\/\/www.europesays.com\/fr\/wp-json\/wp\/v2\/posts"}],"about":[{"href":"https:\/\/www.europesays.com\/fr\/wp-json\/wp\/v2\/types\/post"}],"author":[{"embeddable":true,"href":"https:\/\/www.europesays.com\/fr\/wp-json\/wp\/v2\/users\/2"}],"replies":[{"embeddable":true,"href":"https:\/\/www.europesays.com\/fr\/wp-json\/wp\/v2\/comments?post=364301"}],"version-history":[{"count":0,"href":"https:\/\/www.europesays.com\/fr\/wp-json\/wp\/v2\/posts\/364301\/revisions"}],"wp:featuredmedia":[{"embeddable":true,"href":"https:\/\/www.europesays.com\/fr\/wp-json\/wp\/v2\/media\/364302"}],"wp:attachment":[{"href":"https:\/\/www.europesays.com\/fr\/wp-json\/wp\/v2\/media?parent=364301"}],"wp:term":[{"taxonomy":"category","embeddable":true,"href":"https:\/\/www.europesays.com\/fr\/wp-json\/wp\/v2\/categories?post=364301"},{"taxonomy":"post_tag","embeddable":true,"href":"https:\/\/www.europesays.com\/fr\/wp-json\/wp\/v2\/tags?post=364301"}],"curies":[{"name":"wp","href":"https:\/\/api.w.org\/{rel}","templated":true}]}}