{"id":364303,"date":"2025-09-03T22:42:27","date_gmt":"2025-09-03T22:42:27","guid":{"rendered":"https:\/\/www.europesays.com\/fr\/364303\/"},"modified":"2025-09-03T22:42:27","modified_gmt":"2025-09-03T22:42:27","slug":"laury-thilleman-pourquoi-son-accident-de-surf-a-eu-une-incidence-positive-sur-sa-vie","status":"publish","type":"post","link":"https:\/\/www.europesays.com\/fr\/364303\/","title":{"rendered":"Laury Thilleman : pourquoi son accident de surf a eu une incidence positive sur sa vie"},"content":{"rendered":"<p>Depuis son sacre de Miss France en 2011, Laury Thilleman n\u2019a cess\u00e9 de se r\u00e9inventer : animatrice, entrepreneuse, sportive accomplie. \u00c0 33 ans, elle s\u2019est vu confier un nouveau d\u00e9fi de taille, celui de prendre les commandes de l\u2019\u00e9mission culte <a href=\"https:\/\/www.voici.fr\/news-people\/rendez-vous-en-terre-inconnue-apres-cyril-lignac-laury-thilleman-devoile-son-prochain-invite-et-leur-destination-dans-rendez-vous-en-terre-inconnue-806319\" rel=\"nofollow noopener\" target=\"_blank\">Rendez-vous en terre inconnue<\/a>, diffus\u00e9e sur France 2. Une aventure qu\u2019elle vit avec passion. <a href=\"https:\/\/www.voici.fr\/celebrites\/raphael-de-casabianca-pourquoi-avait-il-decide-de-quitter-rendez-vous-en-terre-inconnue-791579\" rel=\"nofollow noopener\" target=\"_blank\">Elle succ\u00e8de \u00e0 Rapha\u00ebl de Casabianca <\/a>et, pour son premier tournage, <a href=\"https:\/\/www.voici.fr\/television\/tous-en-cuisine-avec-cyril-lignac-revient-des-la-rentree-decouvrez-ce-qui-vous-attend-809905\" rel=\"nofollow noopener\" target=\"_blank\">elle a embarqu\u00e9 Cyril Lignac en Terre de Feu<\/a>, \u00e0 la rencontre des derniers Gauchos. Quelques mois plus tard, <a href=\"https:\/\/www.voici.fr\/news-people\/video-stephane-de-groodt-revoit-avec-surprise-des-images-de-lui-dans-son-ancien-metier-et-hallucine-683378\" rel=\"nofollow noopener\" target=\"_blank\">c\u2019est avec St\u00e9phane de Groodt<\/a> qu\u2019elle s\u2019est envol\u00e9e pour l\u2019Amazonie, o\u00f9 ils ont partag\u00e9 le quotidien du peuple Wauja. Une exp\u00e9rience hors norme qui l\u2019a profond\u00e9ment marqu\u00e9e comme elle l&rsquo;a si bien \u00e9crit sur Instagram le 11 septembre 2025 : \u00ab\u00a0Une amie m\u2019a dit avant de partir : <strong>&lsquo;J\u2019ai h\u00e2te de rencontrer la nouvelle personne que tu vas \u00eatre en rentrant&rsquo;.<\/strong> Je crois qu\u2019elle avait vu juste\u00a0\u00bb .<\/p>\n<p>Pourquoi son accident de surf a chang\u00e9 sa vie<\/p>\n<p>Mais si<a href=\"https:\/\/www.voici.fr\/celebrites\/esclave-de-son-propre-corps-ce-combat-mene-par-laury-thilleman-en-secret-pendant-sa-relation-avec-juan-arbelaez-775924\" rel=\"nofollow noopener\" target=\"_blank\"> l&rsquo;ex de Juan Arbelaez<\/a> semble aujourd\u2019hui plus \u00e9panouie que jamais, c\u2019est aussi parce qu\u2019un \u00e9v\u00e9nement douloureux a boulevers\u00e9 sa vie. Comme elle l\u2019a racont\u00e9 \u00e0 <a href=\"https:\/\/www.parismatch.com\/People\/laury-thilleman-jadore-tomber-amoureuse-256515\" rel=\"nofollow noopener\" target=\"_blank\">Paris Match <\/a>ce mercredi 3 septembre 2025, elle a v\u00e9cu un accident de surf en 2022 qui a compl\u00e8tement chang\u00e9 sa vie. \u00ab\u00a0<strong>Je me suis fractur\u00e9 le genou et je suis rest\u00e9e immobilis\u00e9e pendant quatre mois<\/strong>. Mais cette pause a peut-\u00eatre \u00e9t\u00e9 le plus beau cadeau de ma vie. <strong>J\u2019ai d\u00fb refuser les projets que je ne pouvais pas mener avec des b\u00e9quilles.<\/strong> J\u2019ai arr\u00eat\u00e9 de me sentir indispensable pour la premi\u00e8re fois de ma vie et j\u2019ai appris \u00e0 dire non, pour me dire oui \u00e0 moi-m\u00eame, m\u2019apporter de la tendresse, de l\u2019amour. <strong>S\u2019aimer soi-m\u00eame, ce n\u2019est pas quelque chose qu\u2019on apprend \u00e0 l\u2019\u00e9cole\u00a0\u00bb<\/strong><strong>,<\/strong> confie-t-elle.<\/p>\n<p>Cette immobilisation forc\u00e9e est survenue alors qu<a href=\"https:\/\/www.voici.fr\/news-people\/mon-coeur-m-a-dit-stop-cette-epreuve-que-laury-thilleman-a-surmonte-en-retournant-vivre-chez-ses-parents-796218\" rel=\"nofollow noopener\" target=\"_blank\">\u2019elle traversait une p\u00e9riode de surmenage intense<\/a>, qu\u2019elle d\u00e9crit comme une forme de burn-out : \u00ab\u00a0Elle \u00e9tait aussi li\u00e9e \u00e0 un surmenage global, ce qu\u2019on appelle souvent un burn-out. Je ne sais pas si c\u2019\u00e9tait \u00e7a, on utilise ce mot-l\u00e0 \u00e0 tort et \u00e0 travers. Mais en l\u2019occurrence, il y avait un trop-plein. Apr\u00e8s une telle exp\u00e9rience, on marche en \u00e9quilibre sur un fil tr\u00e8s fragile. J\u2019avance en funambule pour ne pas retomber. J\u2019essaie de me pr\u00e9server le plus possible\u00a0\u00bb. Oblig\u00e9e de mettre de c\u00f4t\u00e9 des dizaines de projets, Laury Thilleman a appris \u00e0 ralentir et \u00e0 s\u2019apporter  l\u2019attention qu\u2019elle donnait jusque-l\u00e0 aux autres. <strong>Un \u00e9quilibre dans lequel elle semble s&rsquo;\u00e9panouir parfaitement. <\/strong><\/p>\n","protected":false},"excerpt":{"rendered":"Depuis son sacre de Miss France en 2011, Laury Thilleman n\u2019a cess\u00e9 de se r\u00e9inventer : animatrice, entrepreneuse,&hellip;\n","protected":false},"author":2,"featured_media":364304,"comment_status":"","ping_status":"","sticky":false,"template":"","format":"standard","meta":{"footnotes":""},"categories":[1586],"tags":[11,1777,674,1779,1011,27,12,25,1778,364],"class_list":{"0":"post-364303","1":"post","2":"type-post","3":"status-publish","4":"format-standard","5":"has-post-thumbnail","7":"category-europe","8":"tag-actualites","9":"tag-eu","10":"tag-europe","11":"tag-european-union","12":"tag-fr","13":"tag-france","14":"tag-news","15":"tag-republique-francaise","16":"tag-ue","17":"tag-union-europeenne"},"share_on_mastodon":{"url":"https:\/\/pubeurope.com\/@fr\/115142783436401176","error":""},"_links":{"self":[{"href":"https:\/\/www.europesays.com\/fr\/wp-json\/wp\/v2\/posts\/364303","targetHints":{"allow":["GET"]}}],"collection":[{"href":"https:\/\/www.europesays.com\/fr\/wp-json\/wp\/v2\/posts"}],"about":[{"href":"https:\/\/www.europesays.com\/fr\/wp-json\/wp\/v2\/types\/post"}],"author":[{"embeddable":true,"href":"https:\/\/www.europesays.com\/fr\/wp-json\/wp\/v2\/users\/2"}],"replies":[{"embeddable":true,"href":"https:\/\/www.europesays.com\/fr\/wp-json\/wp\/v2\/comments?post=364303"}],"version-history":[{"count":0,"href":"https:\/\/www.europesays.com\/fr\/wp-json\/wp\/v2\/posts\/364303\/revisions"}],"wp:featuredmedia":[{"embeddable":true,"href":"https:\/\/www.europesays.com\/fr\/wp-json\/wp\/v2\/media\/364304"}],"wp:attachment":[{"href":"https:\/\/www.europesays.com\/fr\/wp-json\/wp\/v2\/media?parent=364303"}],"wp:term":[{"taxonomy":"category","embeddable":true,"href":"https:\/\/www.europesays.com\/fr\/wp-json\/wp\/v2\/categories?post=364303"},{"taxonomy":"post_tag","embeddable":true,"href":"https:\/\/www.europesays.com\/fr\/wp-json\/wp\/v2\/tags?post=364303"}],"curies":[{"name":"wp","href":"https:\/\/api.w.org\/{rel}","templated":true}]}}