{"id":364307,"date":"2025-09-03T22:44:15","date_gmt":"2025-09-03T22:44:15","guid":{"rendered":"https:\/\/www.europesays.com\/fr\/364307\/"},"modified":"2025-09-03T22:44:15","modified_gmt":"2025-09-03T22:44:15","slug":"apres-le-mercato-classement-des-effectifs-les-plus-chers-en-ligue-1","status":"publish","type":"post","link":"https:\/\/www.europesays.com\/fr\/364307\/","title":{"rendered":"Apr\u00e8s le mercato, classement des effectifs les plus chers en Ligue 1"},"content":{"rendered":"<p><img fetchpriority=\"high\" decoding=\"async\" width=\"620\" height=\"413\" src=\"https:\/\/www.europesays.com\/fr\/wp-content\/uploads\/2025\/08\/Maillots-Ligue-1-620x413.jpeg\" alt=\"Apr\u00e8s le mercato, classement des effectifs les plus chers en Ligue 1\" class=\"wp-image-344498\"  \/>Le mercato est pass\u00e9, les effectifs sont d\u00e9sormais fig\u00e9s jusqu\u2019en janvier, pour la Ligue 1.<\/p>\n<p>Le mercato s\u2019est officiellement referm\u00e9 ce lundi 1er septembre pour les \u00e9quipes professionnelles du football fran\u00e7ais, sauf arriv\u00e9es de joueurs libres ou d\u00e9parts vers des pays o\u00f9 le march\u00e9 reste ouvert, les effectifs ne devraient plus bouger jusqu\u2019en janvier. C\u2019est l\u2019occasion de faire un point de la valorisation des collectifs estim\u00e9s sur le march\u00e9 des transferts, par la plateforme Transfermarkt.<\/p>\n<p>Parce qu\u2019en plus,<a href=\"https:\/\/sportune.20minutes.fr\/classement-des-effectifs-les-plus-chers-de-ligue-1-sur-le-mercato-375220\" rel=\"nofollow noopener\" target=\"_blank\"> nous avions fait \u00e0 Sportune\u00a0le m\u00eame exercice, voil\u00e0 un mois tout pile<\/a> au commencement du championnat de <a href=\"https:\/\/sportune.20minutes.fr\/ligue-1-l1\" rel=\"nofollow noopener\" target=\"_blank\">Ligue 1<\/a> et le moins que l\u2019on puisse dire, est que le classement a beaucoup chang\u00e9. Avec un grand gagnant parmi les 18 clubs de l\u2019\u00e9lite : l\u2019<a href=\"https:\/\/sportune.20minutes.fr\/olympique-de-marseille-om\" rel=\"nofollow noopener\" target=\"_blank\">Olympique de Marseille<\/a>, qui progresse de 107,75 millions d\u2019euros, \u00e0 402,4 millions qu\u2019il vaut d\u00e9sormais au cumul des joueurs.<\/p>\n<p>A l\u2019\u00e9poque, l\u2019<a href=\"https:\/\/sportune.20minutes.fr\/olympique-de-marseille-om\" rel=\"nofollow noopener\" target=\"_blank\">OM<\/a> se classait troisi\u00e8me, derri\u00e8re l\u2019<a href=\"https:\/\/sportune.20minutes.fr\/as-monaco-asm\" rel=\"nofollow noopener\" target=\"_blank\">AS Monaco<\/a> qui, \u00e0 l\u2019inverse justement, accuse la plus grosse baisse (-84,3 M\u20ac).<\/p>\n<p>Pr\u00e8s de 3,5 milliards la valorisation cumul\u00e9es des 18 clubs de Ligue 1<\/p>\n<p>Parmi les autres \u00e9volutions notables, dans le sens des valorisations positives, le <a href=\"https:\/\/sportune.20minutes.fr\/paris-fc\" rel=\"nofollow noopener\" target=\"_blank\">Paris FC<\/a> (+26,05 M\u20ac), le <a href=\"https:\/\/sportune.20minutes.fr\/rc-strasbourg-rcsa\" rel=\"nofollow noopener\" target=\"_blank\">RC Strasbourg<\/a> (+22,6 M\u20ac), le <a href=\"https:\/\/sportune.20minutes.fr\/fc-nantes\" rel=\"nofollow noopener\" target=\"_blank\">FC Nantes<\/a> (+13,55 M\u20ac), ou le <a href=\"https:\/\/sportune.20minutes.fr\/stade-brestois-sb29\" rel=\"nofollow noopener\" target=\"_blank\">Stade Brestois<\/a> (+11,15 M\u20ac). A l\u2019oppos\u00e9, ceux qui accusent les plus grosses pertes sont : le <a href=\"https:\/\/sportune.20minutes.fr\/losc-lille-losc\" rel=\"nofollow noopener\" target=\"_blank\">LOSC Lille<\/a> (\u201367,3 M\u20ac), le <a href=\"https:\/\/sportune.20minutes.fr\/paris-saint-germain-psg\" rel=\"nofollow noopener\" target=\"_blank\">Paris Saint-Germain<\/a> (\u201350 M\u20ac), le <a href=\"https:\/\/sportune.20minutes.fr\/stade-rennais-srfc\" rel=\"nofollow noopener\" target=\"_blank\">Stade Rennais<\/a> (\u201331,8 M\u20ac) et l\u2019<a href=\"https:\/\/sportune.20minutes.fr\/ogc-nice-ogcn\" rel=\"nofollow noopener\" target=\"_blank\">OGC Nice<\/a> (\u201321,85 M\u20ac).<\/p>\n<p>A l\u2019addition des dix-huit, les clubs de l\u2019\u00e9lite sont valoris\u00e9s \u00e0 3 448,35 milliards d\u2019euros, pour une moyenne \u00e0 191,58 millions, qui est proche de l\u2019estimation fait du <a href=\"https:\/\/sportune.20minutes.fr\/losc-lille-losc\" rel=\"nofollow noopener\" target=\"_blank\">LOSC<\/a>.<\/p>\n<p>Classement des effectifs les plus chers de Ligue 1 sur le mercato<\/p>\n<p>Paris SG = 1 080 M\u20ac<br \/>Marseille = 402,4 M\u20ac<br \/>Monaco = 330,8 M\u20ac<br \/>RC Strasbourg Alsace = 271,05 M\u20ac<br \/>LOSC Lille = 194,8 M\u20ac<br \/>Stade Rennais FC = 176,1 M\u20ac<br \/>OGC Nice = 175,8 M\u20ac<br \/>Olympique Lyonnais = 163,65 M\u20ac<br \/>Paris FC = 92,25 M\u20ac<br \/>RC Lens = 84,7 M\u20ac<br \/>Stade Brestois 29 = 79,15 M\u20ac<br \/>Toulouse FC = 78,1 M\u20ac<br \/>FC Nantes = 68,8 M\u20ac<br \/>FC Lorient = 67,95 M\u20ac<br \/>AJ Auxerre = 56,35 M\u20ac<br \/>FC Metz = 49,1 M\u20ac<br \/>Le Havre AC = 44,65 M\u20ac<br \/>Angers SCO = 32,7 M\u20ac<\/p>\n","protected":false},"excerpt":{"rendered":"Le mercato est pass\u00e9, les effectifs sont d\u00e9sormais fig\u00e9s jusqu\u2019en janvier, pour la Ligue 1. Le mercato s\u2019est&hellip;\n","protected":false},"author":2,"featured_media":313201,"comment_status":"","ping_status":"","sticky":false,"template":"","format":"standard","meta":{"footnotes":""},"categories":[2],"tags":[11,4428,460,2266,3317,8113,462,1011,27,4447,66,2267,12,2268,241,149,445,93,2264,4448,25,4449,3087,4450,969],"class_list":{"0":"post-364307","1":"post","2":"type-post","3":"status-publish","4":"format-standard","5":"has-post-thumbnail","7":"category-actualites","8":"tag-actualites","9":"tag-aj-auxerre","10":"tag-angers-sco","11":"tag-as-monaco","12":"tag-fc-lorient","13":"tag-fc-metz","14":"tag-fc-nantes","15":"tag-fr","16":"tag-france","17":"tag-le-havre-ac","18":"tag-ligue-1","19":"tag-losc","20":"tag-news","21":"tag-ogc-nice","22":"tag-ol","23":"tag-om","24":"tag-paris-fc","25":"tag-psg","26":"tag-rc-lens","27":"tag-rc-strasbourg","28":"tag-republique-francaise","29":"tag-stade-brestois","30":"tag-stade-rennais","31":"tag-tfc","32":"tag-transfert"},"share_on_mastodon":{"url":"https:\/\/pubeurope.com\/@fr\/115142791625365002","error":""},"_links":{"self":[{"href":"https:\/\/www.europesays.com\/fr\/wp-json\/wp\/v2\/posts\/364307","targetHints":{"allow":["GET"]}}],"collection":[{"href":"https:\/\/www.europesays.com\/fr\/wp-json\/wp\/v2\/posts"}],"about":[{"href":"https:\/\/www.europesays.com\/fr\/wp-json\/wp\/v2\/types\/post"}],"author":[{"embeddable":true,"href":"https:\/\/www.europesays.com\/fr\/wp-json\/wp\/v2\/users\/2"}],"replies":[{"embeddable":true,"href":"https:\/\/www.europesays.com\/fr\/wp-json\/wp\/v2\/comments?post=364307"}],"version-history":[{"count":0,"href":"https:\/\/www.europesays.com\/fr\/wp-json\/wp\/v2\/posts\/364307\/revisions"}],"wp:featuredmedia":[{"embeddable":true,"href":"https:\/\/www.europesays.com\/fr\/wp-json\/wp\/v2\/media\/313201"}],"wp:attachment":[{"href":"https:\/\/www.europesays.com\/fr\/wp-json\/wp\/v2\/media?parent=364307"}],"wp:term":[{"taxonomy":"category","embeddable":true,"href":"https:\/\/www.europesays.com\/fr\/wp-json\/wp\/v2\/categories?post=364307"},{"taxonomy":"post_tag","embeddable":true,"href":"https:\/\/www.europesays.com\/fr\/wp-json\/wp\/v2\/tags?post=364307"}],"curies":[{"name":"wp","href":"https:\/\/api.w.org\/{rel}","templated":true}]}}