{"id":364308,"date":"2025-09-03T22:45:17","date_gmt":"2025-09-03T22:45:17","guid":{"rendered":"https:\/\/www.europesays.com\/fr\/364308\/"},"modified":"2025-09-03T22:45:17","modified_gmt":"2025-09-03T22:45:17","slug":"mobilisation-du-10-septembre-les-motivations-dun-mouvement-heterogene","status":"publish","type":"post","link":"https:\/\/www.europesays.com\/fr\/364308\/","title":{"rendered":"Mobilisation du 10 septembre: les motivations d\u2019un mouvement h\u00e9t\u00e9rog\u00e8ne"},"content":{"rendered":"<p><a class=\"m-item-image m-item-image--1x1 o-podcast-header__image\" href=\"https:\/\/www.rfi.fr\/fr\/podcasts\/reportage-france\/\" title=\"Reportage France\" data-article-item-link=\"\" aria-hidden=\"true\" tabindex=\"-1\" target=\"_blank\" rel=\"noopener\"><\/p>\n<p><img decoding=\"async\" fetchpriority=\"high\" src=\"https:\/\/www.europesays.com\/fr\/wp-content\/uploads\/2025\/05\/carre-3000-reportage-france.jpg\"   width=\"480\" height=\"480\" alt=\"Image carr\u00e9e\" loading=\"eager\" class=\"a-img \"\/><br \/>\n                                <\/a>                <\/p>\n<p class=\"t-content__chapo\">\n                                                Que va-t-il se passer le 10 septembre\u00a0? Depuis plus de deux mois, des appels \u00e0 bloquer le pays circulent sur les r\u00e9seaux sociaux, sans que l&rsquo;on sache encore quelle sera l&rsquo;ampleur de la mobilisation. Si le mouvement se veut apolitique, il a toutefois attir\u00e9 l&rsquo;attention des partis de gauche et re\u00e7u le soutien de la France insoumise. Sur Telegram, son principal canal de communication baptis\u00e9\u00a0\u00ab\u00a0Indignons-nous\u00a0\u00bb r\u00e9unit des milliers de personnes aux attentes et aux profils vari\u00e9s.                    <\/p>\n<p><img decoding=\"async\" fetchpriority=\"low\" src=\"https:\/\/www.europesays.com\/fr\/wp-content\/uploads\/2025\/09\/bloquons-tout.png\"   width=\"1024\" height=\"576\" alt=\"Cristallis\u00e9s autour des coupes budg\u00e9taires annonc\u00e9es par Fran\u00e7ois Bayrou, les appels \u00e0 tout bloquer en France le 10 septembre 2025 se sont multipli\u00e9s sur les r\u00e9seaux sociaux.\" loading=\"eager\" class=\"a-img \"\/><\/p>\n<p>                Cristallis\u00e9s autour des coupes budg\u00e9taires annonc\u00e9es par Fran\u00e7ois Bayrou, les appels \u00e0 tout bloquer en France le 10 septembre 2025 se sont multipli\u00e9s sur les r\u00e9seaux sociaux.                \u00a9  \u00a0AFP &#8211; BERTRAND GUAY            <\/p>\n","protected":false},"excerpt":{"rendered":"Que va-t-il se passer le 10 septembre\u00a0? Depuis plus de deux mois, des appels \u00e0 bloquer le pays&hellip;\n","protected":false},"author":2,"featured_media":364309,"comment_status":"","ping_status":"","sticky":false,"template":"","format":"standard","meta":{"footnotes":""},"categories":[4],"tags":[11,1011,27,431,12,13811,5920,25,938,104],"class_list":{"0":"post-364308","1":"post","2":"type-post","3":"status-publish","4":"format-standard","5":"has-post-thumbnail","7":"category-france","8":"tag-actualites","9":"tag-fr","10":"tag-france","11":"tag-francois-bayrou","12":"tag-news","13":"tag-politique-francaise","14":"tag-reportage-france","15":"tag-republique-francaise","16":"tag-reseaux-sociaux","17":"tag-societe"},"share_on_mastodon":{"url":"https:\/\/pubeurope.com\/@fr\/115142795219626093","error":""},"_links":{"self":[{"href":"https:\/\/www.europesays.com\/fr\/wp-json\/wp\/v2\/posts\/364308","targetHints":{"allow":["GET"]}}],"collection":[{"href":"https:\/\/www.europesays.com\/fr\/wp-json\/wp\/v2\/posts"}],"about":[{"href":"https:\/\/www.europesays.com\/fr\/wp-json\/wp\/v2\/types\/post"}],"author":[{"embeddable":true,"href":"https:\/\/www.europesays.com\/fr\/wp-json\/wp\/v2\/users\/2"}],"replies":[{"embeddable":true,"href":"https:\/\/www.europesays.com\/fr\/wp-json\/wp\/v2\/comments?post=364308"}],"version-history":[{"count":0,"href":"https:\/\/www.europesays.com\/fr\/wp-json\/wp\/v2\/posts\/364308\/revisions"}],"wp:featuredmedia":[{"embeddable":true,"href":"https:\/\/www.europesays.com\/fr\/wp-json\/wp\/v2\/media\/364309"}],"wp:attachment":[{"href":"https:\/\/www.europesays.com\/fr\/wp-json\/wp\/v2\/media?parent=364308"}],"wp:term":[{"taxonomy":"category","embeddable":true,"href":"https:\/\/www.europesays.com\/fr\/wp-json\/wp\/v2\/categories?post=364308"},{"taxonomy":"post_tag","embeddable":true,"href":"https:\/\/www.europesays.com\/fr\/wp-json\/wp\/v2\/tags?post=364308"}],"curies":[{"name":"wp","href":"https:\/\/api.w.org\/{rel}","templated":true}]}}