{"id":364312,"date":"2025-09-03T22:48:11","date_gmt":"2025-09-03T22:48:11","guid":{"rendered":"https:\/\/www.europesays.com\/fr\/364312\/"},"modified":"2025-09-03T22:48:11","modified_gmt":"2025-09-03T22:48:11","slug":"rugby-grand-favori-de-pro-d2-vannes-se-mefie-de-la-venue-du-sa-xv","status":"publish","type":"post","link":"https:\/\/www.europesays.com\/fr\/364312\/","title":{"rendered":"Rugby : Grand favori de Pro D2, Vannes se m\u00e9fie de la venue du SA XV"},"content":{"rendered":"<p>\u00ab\u00a0J\u2019ai regard\u00e9 tous leurs matches \u00e0 l\u2019ext\u00e9rieur l\u2019ann\u00e9e derni\u00e8re, c\u2019est un adversaire sp\u00e9cial.\u00a0\u00bb La rencontre de la premi\u00e8re journ\u00e9e \u00e0 Brive samedi dernier n\u2019\u00e9tait pas encore pass\u00e9e que Jean-No\u00ebl Spitzer, le manager sportif du RC Vannes, \u00e9tait&#8230;<\/p>\n<p>\u00ab\u00a0J\u2019ai regard\u00e9 tous leurs matches \u00e0 l\u2019ext\u00e9rieur l\u2019ann\u00e9e derni\u00e8re, c\u2019est un adversaire sp\u00e9cial.\u00a0\u00bb La rencontre de la premi\u00e8re journ\u00e9e \u00e0 Brive samedi dernier n\u2019\u00e9tait pas encore pass\u00e9e que Jean-No\u00ebl Spitzer, le manager sportif du RC Vannes, \u00e9tait tourn\u00e9 vers la r\u00e9ception ce vendredi (21h) de Soyaux-Angoul\u00eame, premier rendez-vous \u00e0 domicile de la saison.<\/p>\n<p>Des retrouvailles entre deux \u00e9quipes qui se sont beaucoup fr\u00e9quent\u00e9es depuis la F\u00e9d\u00e9rale 1 et qui sont attendues par tous les supporteurs et le stade de la Rabine, 11\u00a0865 places, qui affichera complet pour la 28e fois cons\u00e9cutive apr\u00e8s une saison en Top 14 \u00e0 guichets ferm\u00e9s.<\/p>\n<p>    La r\u00e9daction vous conseille<\/p>\n<p>Car les Bretons, m\u00eame s\u2019ils sont annonc\u00e9s partout comme l\u2019ogre cette saison, se m\u00e9fient de ce retour en Pro D2. Les derniers rel\u00e9gu\u00e9s, \u00e0 l\u2019exception de Bayonne lors de la saison 2021-2022, ont connu d\u2019\u00e9normes difficult\u00e9s.<\/p>\n<p>\u00ab\u00a0Et on n\u2019est pas plus intelligents que les autres donc on n\u2019est pas l\u2019abri de connaitre les m\u00eames difficult\u00e9s\u00a0\u00bb, avan\u00e7ait encore Spitzer avant l\u2019entame du championnat.<\/p>\n<p>Les Vannetais ont (presque) parfaitement g\u00e9r\u00e9 leur retour en Pro D2 samedi dernier dans le choc face \u00e0 Brive. Malgr\u00e9 un carton rouge d\u00e8s la 16e minute pour Saili et apr\u00e8s avoir \u00e9t\u00e9 men\u00e9s 17-0 dans la foul\u00e9e, les Vannetais ont ensuite fait parler leur jeu et leur puissance pour mener jusqu\u2019\u00e0 30-20 \u00e0 moins de dix minutes de la fin.<\/p>\n<p>    La r\u00e9daction vous conseille<\/p>\n<p>Ils ont laiss\u00e9 \u00e9chapper la victoire sur une erreur inhabituelle de Maxime Lafage et ne sont repartis du stade Am\u00e9d\u00e9e-Domenech qu\u2019avec les deux points du match nul (30-30). Une petite d\u00e9ception sur le plan comptable temp\u00e9r\u00e9e par la performance et l\u2019\u00e9tat d\u2019esprit affich\u00e9 sur le terrain de l\u2019autre grand favori par les partenaires de Gorrissen.<\/p>\n<p>Bouthier de retour \u00e0 La Rabine<\/p>\n<p>Pour cette premi\u00e8re \u00e0 domicile face au SA XV, quelques changements sont \u00e0 attendre dans la composition de l\u2019\u00e9quipe par rapport \u00e0 samedi dernier.<\/p>\n<p>Saili, exclu, est suspendu en attente de sa sanction, alors que Kalamafoni sorti sur protocole commotion en Corr\u00e8ze, est lui aussi forfait.<\/p>\n<p>    La r\u00e9daction vous conseille<\/p>\n<p>Des absences qui feront le bonheur d\u2019Alex Arrate au centre. L\u2019ancien Parisien fera son grand retour depuis sa blessure \u00e0 la cheville en f\u00e9vrier dernier, associ\u00e9 \u00e0 Pierre Boudehent, en tr\u00e8s grande forme en ce d\u00e9but de saison. En troisi\u00e8me ligne, c\u2019est L\u00e9on Boulier qui devrait \u00eatre titularis\u00e9.<\/p>\n<p>Autre bonne nouvelle pour les Vannetais, le retour de Michael Ruru au poste de demi de m\u00eal\u00e9e. Le N\u00e9o-Z\u00e9landais, qui avait manqu\u00e9 le match de pr\u00e9paration face \u00e0 Toulouse puis le d\u00e9placement \u00e0 Brive en raison d\u2019une l\u00e9sion musculaire au pectoral, retrouvera son complice Maxime Lafage \u00e0 la charni\u00e8re.<\/p>\n<p>Un match qui verra les grands d\u00e9buts de Cherry, le talonneur international \u00e9cossais et Stevenson, l\u2019ailier anglais \u00e0 La Rabine ainsi que le retour de l\u2019ancien chouchou Anthony Bouthier de retour au club apr\u00e8s six ans \u00e0 Montpellier.<\/p>\n<p>    La conf\u00e9rence de presse du SA XV jeudi midi<br \/>\nLa conf\u00e9rence de presse d\u2019avant-match du SA XV aura lieu ce jeudi 4\u00a0septembre \u00e0 partir de midi avant le d\u00e9part des Angoumoisins pour Vannes \u00e0 la veille du match de la deuxi\u00e8me journ\u00e9e de Pro D2.<br \/>Le manager du SA XV Alexandre Ruiz et son capitaine Gautier Gibouin sont annonc\u00e9s. \u00c0 suivre en direct vid\u00e9o sur le site et la page Facebook de Charente Libre.<\/p>\n","protected":false},"excerpt":{"rendered":"\u00ab\u00a0J\u2019ai regard\u00e9 tous leurs matches \u00e0 l\u2019ext\u00e9rieur l\u2019ann\u00e9e derni\u00e8re, c\u2019est un adversaire sp\u00e9cial.\u00a0\u00bb La rencontre de la premi\u00e8re&hellip;\n","protected":false},"author":2,"featured_media":364313,"comment_status":"","ping_status":"","sticky":false,"template":"","format":"standard","meta":{"footnotes":""},"categories":[1416],"tags":[1011,27,479,1468,60],"class_list":{"0":"post-364312","1":"post","2":"type-post","3":"status-publish","4":"format-standard","5":"has-post-thumbnail","7":"category-rugby","8":"tag-fr","9":"tag-france","10":"tag-rugby","11":"tag-rugby-football","12":"tag-sports"},"share_on_mastodon":{"url":"https:\/\/pubeurope.com\/@fr\/115142806953361864","error":""},"_links":{"self":[{"href":"https:\/\/www.europesays.com\/fr\/wp-json\/wp\/v2\/posts\/364312","targetHints":{"allow":["GET"]}}],"collection":[{"href":"https:\/\/www.europesays.com\/fr\/wp-json\/wp\/v2\/posts"}],"about":[{"href":"https:\/\/www.europesays.com\/fr\/wp-json\/wp\/v2\/types\/post"}],"author":[{"embeddable":true,"href":"https:\/\/www.europesays.com\/fr\/wp-json\/wp\/v2\/users\/2"}],"replies":[{"embeddable":true,"href":"https:\/\/www.europesays.com\/fr\/wp-json\/wp\/v2\/comments?post=364312"}],"version-history":[{"count":0,"href":"https:\/\/www.europesays.com\/fr\/wp-json\/wp\/v2\/posts\/364312\/revisions"}],"wp:featuredmedia":[{"embeddable":true,"href":"https:\/\/www.europesays.com\/fr\/wp-json\/wp\/v2\/media\/364313"}],"wp:attachment":[{"href":"https:\/\/www.europesays.com\/fr\/wp-json\/wp\/v2\/media?parent=364312"}],"wp:term":[{"taxonomy":"category","embeddable":true,"href":"https:\/\/www.europesays.com\/fr\/wp-json\/wp\/v2\/categories?post=364312"},{"taxonomy":"post_tag","embeddable":true,"href":"https:\/\/www.europesays.com\/fr\/wp-json\/wp\/v2\/tags?post=364312"}],"curies":[{"name":"wp","href":"https:\/\/api.w.org\/{rel}","templated":true}]}}