{"id":364316,"date":"2025-09-03T22:51:10","date_gmt":"2025-09-03T22:51:10","guid":{"rendered":"https:\/\/www.europesays.com\/fr\/364316\/"},"modified":"2025-09-03T22:51:10","modified_gmt":"2025-09-03T22:51:10","slug":"motogp-la-grille-2026-se-complete-lun-des-meilleurs-guidons-desormais-attribue","status":"publish","type":"post","link":"https:\/\/www.europesays.com\/fr\/364316\/","title":{"rendered":"MotoGP La grille 2026 se compl\u00e8te, l&rsquo;un des meilleurs guidons d\u00e9sormais attribu\u00e9 !"},"content":{"rendered":"<p>C\u2019est officiel depuis peu, Franco Morbidelli sera bien sur la grille MotoGP, l\u2019ann\u00e9e prochain. En effet, le VR46 vient de confirmer la pr\u00e9sence de l\u2019Italo-Br\u00e9silien en 2026, aux c\u00f4t\u00e9s de Fabio di Giannantonio. Un contrat qui ne porte que sur une saison et dont les d\u00e9tails n\u2019ont pas \u00e9t\u00e9 divulgu\u00e9s. Ainsi, nous ne savons pas, \u00e0 ce stade, si l\u2019int\u00e9ress\u00e9 pilotera toujours une Ducati d\u2019ancienne g\u00e9n\u00e9ration ou une machine identique \u00e0 celles des pilotes officiels.<\/p>\n<p>MotoGP : une saison 2026 qui s\u2019annonce difficile, pour Franco ?<\/p>\n<p>Tandis que Fabio Di Giannantonio, lui, devrait en toute logique piloter la Ducati de 2026, le doute subsiste concernant Franco Morbidelli. Sachant que le fait, pour lui, de disposer de la moto actuelle, particuli\u00e8rement d\u00e9licate \u00e0 piloter pour qui ne s\u2019appelle pas Marc Marquez, ne serait pas une bonne pioche. Sur le papier, tout du moins\u2026<\/p>\n<p>Alessio Salucci, le Directeur de l\u2019\u00e9quipe VR46, commente cette officialisation du prolongement de contrat pour Franco Morbidelli :<\/p>\n<p>\u00ab Nous sommes heureux de confirmer Franco pour la saison prochaine. Il s\u2019est int\u00e9gr\u00e9 \u00e0 l\u2019\u00e9quipe d\u00e8s le d\u00e9but, construisant une excellente relation personnelle et professionnelle qui a permis d\u2019obtenir d\u2019importants r\u00e9sultats. Franco fait partie de la VR46 Riders Academy depuis le tout d\u00e9but et le voir porter les couleurs de l\u2019\u00e9quipe Pertamina Enduro VR46 Racing a une signification particuli\u00e8re pour nous ; c\u2019est comme si nous bouclions la boucle. Cette ann\u00e9e, avec deux podiums en courses principales et deux autres en Sprint, nous avons d\u00e9montr\u00e9 notre potentiel ; pour cette derni\u00e8re partie de saison et la suivante, l\u2019objectif est de progresser encore davantage. Son exp\u00e9rience a \u00e9t\u00e9 une valeur ajout\u00e9e et, gr\u00e2ce \u00e0 l\u2019expertise de l\u2019\u00e9quipe et au soutien de Ducati, nous sommes ravis de poursuivre cette aventure ensemble en 2026. \u00bb<\/p>\n<blockquote class=\"twitter-tweet\">\n<p dir=\"ltr\" lang=\"en\">Franky says [officially* ]\u2026 \u201cI\u2019ve renewed!\u201d \u270d\ud83c\udffb\ud83e\udd9c<a href=\"https:\/\/twitter.com\/VR46RacingTeam?ref_src=twsrc%5Etfw\" target=\"_blank\" rel=\"noopener nofollow\">@VR46RacingTeam<\/a> and Franco Morbidelli to race together in 2026 \ud83c\udfc1<\/p>\n<p>*TV Interview done on August 23rd after the Hungarian GP Sprint \u270c\ufe0f <a href=\"https:\/\/t.co\/y1T6zJ2ibA\" rel=\"nofollow\">pic.twitter.com\/y1T6zJ2ibA<\/a><\/p>\n<p>\u2014 Pertamina Enduro VR46 Racing Team (@VR46RacingTeam) <a href=\"https:\/\/twitter.com\/VR46RacingTeam\/status\/1962804081279348752?ref_src=twsrc%5Etfw\" target=\"_blank\" rel=\"noopener nofollow\">September 2, 2025<\/a><\/p>\n<\/blockquote>\n<p>\u00ab J\u2019aime profond\u00e9ment cette \u00e9quipe\u201c, d\u00e9clare pour sa part Franco Morbidelli, qui court \u00e0 domicile, le Team appartenant \u00e0 son mentor\/formateur, <a href=\"https:\/\/lemagsportauto.ouest-france.fr\/tag\/valentino-rossi\" rel=\"nofollow noopener\" target=\"_blank\">Valentino Rossi<\/a>. \u201cJe m\u2019y sens bien et j\u2019entretiens une relation formidable avec chacun de ses membres. Ce sera un plaisir de courir avec le Pertamina Enduro VR46 Racing Team l\u2019ann\u00e9e prochaine \u00e9galement. C\u2019est fantastique d\u2019annoncer quelque chose d\u2019aussi sp\u00e9cial. J\u2019esp\u00e8re vivre encore de belles journ\u00e9es comme celle que nous avons v\u00e9cue cette ann\u00e9e, car nous le m\u00e9ritons vraiment. Nous avons pr\u00e8s d\u2019un an et demi devant nous pour continuer \u00e0 d\u00e9montrer l\u2019immense potentiel que nous avons ensemble. Je tiens \u00e0 remercier toute l\u2019\u00e9quipe, avec Vale, Uccio et Pablo en t\u00eate, les partenaires, la VR46 Riders Academy et mes collaborateurs. \u00bb, conclut l\u2019int\u00e9ress\u00e9.<\/p>\n<p>Article publi\u00e9 le 03\/09\/2025 \u00e0 6h24<\/p>\n<p>                                                            <script async src=\"https:\/\/platform.twitter.com\/widgets.js\" charset=\"utf-8\"><\/script><\/p>\n","protected":false},"excerpt":{"rendered":"C\u2019est officiel depuis peu, Franco Morbidelli sera bien sur la grille MotoGP, l\u2019ann\u00e9e prochain. En effet, le VR46&hellip;\n","protected":false},"author":2,"featured_media":364317,"comment_status":"","ping_status":"","sticky":false,"template":"","format":"standard","meta":{"footnotes":""},"categories":[1413],"tags":[4266,1011,27,7985,1457,1456,1458,60],"class_list":{"0":"post-364316","1":"post","2":"type-post","3":"status-publish","4":"format-standard","5":"has-post-thumbnail","7":"category-moto","8":"tag-ducati","9":"tag-fr","10":"tag-france","11":"tag-franco-morbidelli","12":"tag-moto","13":"tag-motocycle","14":"tag-motogp","15":"tag-sports"},"share_on_mastodon":{"url":"https:\/\/pubeurope.com\/@fr\/115142818802805227","error":""},"_links":{"self":[{"href":"https:\/\/www.europesays.com\/fr\/wp-json\/wp\/v2\/posts\/364316","targetHints":{"allow":["GET"]}}],"collection":[{"href":"https:\/\/www.europesays.com\/fr\/wp-json\/wp\/v2\/posts"}],"about":[{"href":"https:\/\/www.europesays.com\/fr\/wp-json\/wp\/v2\/types\/post"}],"author":[{"embeddable":true,"href":"https:\/\/www.europesays.com\/fr\/wp-json\/wp\/v2\/users\/2"}],"replies":[{"embeddable":true,"href":"https:\/\/www.europesays.com\/fr\/wp-json\/wp\/v2\/comments?post=364316"}],"version-history":[{"count":0,"href":"https:\/\/www.europesays.com\/fr\/wp-json\/wp\/v2\/posts\/364316\/revisions"}],"wp:featuredmedia":[{"embeddable":true,"href":"https:\/\/www.europesays.com\/fr\/wp-json\/wp\/v2\/media\/364317"}],"wp:attachment":[{"href":"https:\/\/www.europesays.com\/fr\/wp-json\/wp\/v2\/media?parent=364316"}],"wp:term":[{"taxonomy":"category","embeddable":true,"href":"https:\/\/www.europesays.com\/fr\/wp-json\/wp\/v2\/categories?post=364316"},{"taxonomy":"post_tag","embeddable":true,"href":"https:\/\/www.europesays.com\/fr\/wp-json\/wp\/v2\/tags?post=364316"}],"curies":[{"name":"wp","href":"https:\/\/api.w.org\/{rel}","templated":true}]}}