{"id":364318,"date":"2025-09-03T22:52:17","date_gmt":"2025-09-03T22:52:17","guid":{"rendered":"https:\/\/www.europesays.com\/fr\/364318\/"},"modified":"2025-09-03T22:52:17","modified_gmt":"2025-09-03T22:52:17","slug":"domenicali-veut-plus-de-sprints-et-des-grilles-inversees-des-2026","status":"publish","type":"post","link":"https:\/\/www.europesays.com\/fr\/364318\/","title":{"rendered":"Domenicali veut plus de sprints et des grilles invers\u00e9es d\u00e8s 2026\u2028"},"content":{"rendered":"<p>D\u00e9j\u00e0 pr\u00e9sentes lors de six week-ends en 2025, les courses sprint devraient encore gagner en importance. Domenicali estime que ce format, court et dynamique, s\u00e9duit les promoteurs et attire un nouveau public, notamment les jeunes g\u00e9n\u00e9rations.<\/p>\n<p><b>L\u2019id\u00e9e choc des grilles invers\u00e9es<\/b><\/p>\n<p>Parmi les pistes explor\u00e9es figure l\u2019introduction de grilles invers\u00e9es, un concept d\u00e9j\u00e0 utilis\u00e9 dans les cat\u00e9gories juniors comme la F2 et la F3. Le principe : faire partir les mieux class\u00e9s plus loin sur la grille afin de dynamiser les courses et favoriser les d\u00e9passements.<\/p>\n<blockquote>\n<p>\u201cNous devons discuter des formats pour les prochaines ann\u00e9es. Tout le monde souhaite davantage de courses sprint au lieu des essais libres du vendredi, des promoteurs aux fans. Les pilotes sont convaincus qu\u2019ils en ont besoin\u00a0: 18 sont pour et peut-\u00eatre deux contre.\u00a0M\u00eame Max (Verstappen) commence \u00e0 \u00eatre convaincu, et les choses \u00e9voluent dans ce sens. En proposer tous les week-ends, comme le MotoGP, est un pas trop important, mais cela ne signifie pas que nous ne pouvons pas y parvenir, ou du moins aborder les week-ends diff\u00e9remment. C\u2019est un processus de maturation qui doit \u00eatre men\u00e9 avec respect. C\u2019est une approche qui fait \u00e9voluer le contenu de la discipline. Les fans sont lass\u00e9s des essais libres, comme le montrent nos sondages, et ils veulent voir de l\u2019action. L\u2019id\u00e9e d\u2019une grille invers\u00e9e est \u00e9galement sur la table et devrait \u00eatre exp\u00e9riment\u00e9e l\u2019an prochain si le vote va bien au bout.\u201d Exprime Domenicali, source : <a href=\"http:\/\/nextgen-auto.com\" rel=\"nofollow noopener\" target=\"_blank\">nextgen-auto.com<\/a>\u00a0<\/p>\n<\/blockquote>\n<p>Ces changements ne sont pas encore act\u00e9s. Ils doivent \u00eatre valid\u00e9s par les \u00e9quipes et la FIA, certaines voix s\u2019inqui\u00e9tant d\u2019une perte d\u2019authenticit\u00e9 sportive. Mais Domenicali se montre clair : la Formule 1 ne peut pas rester fig\u00e9e et doit oser innover pour continuer \u00e0 s\u00e9duire.<\/p>\n<blockquote>\n<p>\u201cComment osons-nous toucher \u00e0 l\u2019ADN m\u00eame de la F1\u00a0? Mais si la Formule 1, ou tout autre sport d\u2019ailleurs, n\u2019ose pas adapter sa philosophie, elle perd l\u2019attention du grand public. Nous devons continuer \u00e0 \u00e9voluer en tant que sport, sans ali\u00e9ner les fans, bien s\u00fbr. Mais ne pas \u00e9couter la nouvelle g\u00e9n\u00e9ration n\u2019est pas non plus une bonne chose. Max\u00a0? Si vous lui parlez en toute confiance, il commencera \u00e0 reconna\u00eetre que ce format est logique. Apr\u00e8s tout, les pilotes sont n\u00e9s pour courir. Dans quelques ann\u00e9es, tous les GP r\u00e9clameront un week-end avec la course sprint le samedi.\u201d D\u00e9clare le pr\u00e9sident de la F1, source : <a href=\"http:\/\/nextgen-auto.com\" rel=\"nofollow noopener\" target=\"_blank\">nextgen-auto.com<\/a>\u00a0<\/p>\n<\/blockquote>\n<p>Entre la multiplication des sprints et l\u2019\u00e9ventuelle mise en place de grilles invers\u00e9es, la F1 se pr\u00e9pare \u00e0 une r\u00e9volution de son format. Reste \u00e0 voir si le paddock acceptera ces nouveaut\u00e9s et si elles parviendront \u00e0 convaincre les puristes comme les nouveaux fans.<\/p>\n<p>    Partagez cette info avec vos amis et vos proches en cliquant ici  <\/p>\n<p> Podcasts \u00e0 la une MEN LIFE <\/p>\n<p>    F1 : Domenicali pr\u00e9pare une r\u00e9volution avec plus de sprints et des grilles invers\u00e9es\u2028<\/p>\n<p>Stefano Domenicali annonce une transformation majeure de la Formule 1. Le pr\u00e9sident de la discipline veut multiplier les courses sprint et teste l\u2019id\u00e9e audacieuse de grilles invers\u00e9es, afin de dynamiser les week-ends et s\u00e9duire une nouvelle g\u00e9n\u00e9ration de fans.<\/p>\n<p>R\u00e9dacteur<\/p>\n<p><img decoding=\"async\" width=\"76\" height=\"76\" loading=\"lazy\" src=\"https:\/\/www.europesays.com\/fr\/wp-content\/uploads\/2025\/04\/avatar-sport-am.png\" alt=\"Victor Teyssier\"\/><\/p>\n","protected":false},"excerpt":{"rendered":"D\u00e9j\u00e0 pr\u00e9sentes lors de six week-ends en 2025, les courses sprint devraient encore gagner en importance. Domenicali estime&hellip;\n","protected":false},"author":2,"featured_media":364319,"comment_status":"","ping_status":"","sticky":false,"template":"","format":"standard","meta":{"footnotes":""},"categories":[1412],"tags":[1451,1452,1453,1454,1455,1011,27,60],"class_list":{"0":"post-364318","1":"post","2":"type-post","3":"status-publish","4":"format-standard","5":"has-post-thumbnail","7":"category-f1","8":"tag-f1","9":"tag-formula-1","10":"tag-formula1","11":"tag-formule-1","12":"tag-formule1","13":"tag-fr","14":"tag-france","15":"tag-sports"},"share_on_mastodon":{"url":"https:\/\/pubeurope.com\/@fr\/115142823045317672","error":""},"_links":{"self":[{"href":"https:\/\/www.europesays.com\/fr\/wp-json\/wp\/v2\/posts\/364318","targetHints":{"allow":["GET"]}}],"collection":[{"href":"https:\/\/www.europesays.com\/fr\/wp-json\/wp\/v2\/posts"}],"about":[{"href":"https:\/\/www.europesays.com\/fr\/wp-json\/wp\/v2\/types\/post"}],"author":[{"embeddable":true,"href":"https:\/\/www.europesays.com\/fr\/wp-json\/wp\/v2\/users\/2"}],"replies":[{"embeddable":true,"href":"https:\/\/www.europesays.com\/fr\/wp-json\/wp\/v2\/comments?post=364318"}],"version-history":[{"count":0,"href":"https:\/\/www.europesays.com\/fr\/wp-json\/wp\/v2\/posts\/364318\/revisions"}],"wp:featuredmedia":[{"embeddable":true,"href":"https:\/\/www.europesays.com\/fr\/wp-json\/wp\/v2\/media\/364319"}],"wp:attachment":[{"href":"https:\/\/www.europesays.com\/fr\/wp-json\/wp\/v2\/media?parent=364318"}],"wp:term":[{"taxonomy":"category","embeddable":true,"href":"https:\/\/www.europesays.com\/fr\/wp-json\/wp\/v2\/categories?post=364318"},{"taxonomy":"post_tag","embeddable":true,"href":"https:\/\/www.europesays.com\/fr\/wp-json\/wp\/v2\/tags?post=364318"}],"curies":[{"name":"wp","href":"https:\/\/api.w.org\/{rel}","templated":true}]}}