{"id":36432,"date":"2025-04-19T12:02:07","date_gmt":"2025-04-19T12:02:07","guid":{"rendered":"https:\/\/www.europesays.com\/fr\/36432\/"},"modified":"2025-04-19T12:02:07","modified_gmt":"2025-04-19T12:02:07","slug":"directeur-commercial-la-semaine-philippe-est-dj-le-week-end-a-nancy","status":"publish","type":"post","link":"https:\/\/www.europesays.com\/fr\/36432\/","title":{"rendered":"directeur commercial la semaine, Philippe est DJ le week-end \u00e0 Nancy"},"content":{"rendered":"<p>            Par<br \/>\n        <strong><br \/>\n            <a href=\"https:\/\/actu.fr\/auteur\/pierre-emile-bouchy-actu-fr\" title=\"Consulter tous les articles de Paul-Emile Bouchy\" target=\"_blank\" rel=\"noopener\">Paul-Emile Bouchy<\/a><br \/>\n        <\/strong><\/p>\n<p>        Publi\u00e9 le<\/p>\n<p>            19 avr. 2025 \u00e0 12h02        <\/p>\n<p>La semaine, <strong>Philippe, 45\u00a0ans, est directeur commercial<\/strong> et multiplie les d\u00e9placements. <a href=\"https:\/\/actu.fr\/grand-est\/nancy_54395\/ils-habitent-a-nancy-mais-travaillent-a-paris-je-n-y-vois-que-des-avantages_62297951.html\" target=\"_blank\" rel=\"noopener\">Comme d\u2019autres habitants<\/a>, il vit \u00e0 <a href=\"https:\/\/actu.fr\/grand-est\/nancy_54395\" target=\"_blank\" rel=\"noopener\">Nancy<\/a> mais travaille pour une entreprise bas\u00e9e en r\u00e9gion parisienne.<\/p>\n<p class=\" wall-content\">Malgr\u00e9 ces semaines bien charg\u00e9es, Philippe prend le temps d\u2019assouvir sa passion pour la <a href=\"https:\/\/actu.fr\/tag\/musique\" target=\"_blank\" rel=\"noopener\">musique<\/a> et <strong>mixe dans des \u00e9tablissements du centre-ville de Nancy<\/strong> plusieurs fois par mois.<\/p>\n<p>La musique pour d\u00e9compresser de la semaine de travail<\/p>\n<p class=\" wall-content\">Philippe avait 15\u00a0ans la premi\u00e8re fois qu\u2019il a touch\u00e9 \u00e0 des platines et depuis la passion ne l\u2019a jamais quitt\u00e9\u2009: \u00ab\u2009J\u2019ai commenc\u00e9 avec un ami du lyc\u00e9e, Dom Luko [son nom de DJ, NDLR]. Durant nos \u00e9tudes, <strong>on a organis\u00e9 des soir\u00e9es<\/strong> nomm\u00e9es Don\u2019t worry, be funky, <strong>on a jou\u00e9 au festival Solidays<\/strong> ou encore lors de soir\u00e9es internes du groupe M6.\u2009\u00bb<\/p>\n<p class=\" wall-content\">Avec son m\u00e9tier prenant, il trouve toujours le temps de mixer. <strong>Plusieurs fois par mois, il fait danser les clients de deux \u00e9tablissements nanc\u00e9iens bien connus\u2009: Louis XV et Bagatelle<\/strong>. \u00ab\u2009J\u2019ai toujours eu ce rythme-l\u00e0. \u00c7a me permet de couper vis-\u00e0-vis de mon travail. C\u2019est un vrai exutoire\u2009\u00bb, explique Philippe.<\/p>\n<p class=\" wall-content\"><a href=\"https:\/\/www.instagram.com\/p\/CvRwPKPNz5s\/embed\" title=\"Ouvrir le lien sur Instagram\" target=\"_blank\" rel=\"noopener\">Visualiser le contenu sur Instagram<\/a><\/p>\n<p>\u00ab Toute la semaine, j\u2019ai toujours de la musique avec moi\u2009\u00bb<\/p>\n<p class=\" wall-content\">S\u2019il a une r\u00e9elle exp\u00e9rience, Philippe se consid\u00e8re davantage comme <strong>\u00ab\u2009un amateur de musique qui aime la faire partager\u2009\u00bb<\/strong> qu\u2019un DJ\u2009: \u00ab\u2009Je suis l\u00e0 pour faire plaisir aux gens. J\u2019aime bien essayer de les satisfaire. \u00c7a ne me d\u00e9range pas quand quelqu\u2019un vient me demander si je peux jouer un son de tel artiste, j\u2019aime plut\u00f4t \u00e7a.\u2009\u00bb<\/p>\n<p>Vid\u00e9os : en ce moment sur Actu<\/p>\n<p class=\" wall-content\">Cette passion l\u2019accompagne au quotidien. \u00ab\u2009Avec mon m\u00e9tier, je suis souvent en voiture ou en train car je me d\u00e9place beaucoup. <strong>C\u2019est l\u2019occasion de d\u00e9couvrir de nouvelles choses.<\/strong> Je suis \u00e0 l\u2019aff\u00fbt. Toute la semaine, j\u2019ai toujours de la musique avec moi.\u2009\u00bb<\/p>\n<p class=\" wall-content\">Un travail qui lui permet ensuite de pr\u00e9parer ses passages. \u00ab\u2009Selon les bars, le moment de la soir\u00e9e, on ne va pas passer les m\u00eames musiques.<strong> Il faut avoir un feeling pour r\u00e9ussir \u00e0 faire monter l\u2019ambiance<\/strong>. J\u2019ai souvent un point de d\u00e9part, puis j\u2019\u00e9volue en fonction du rythme, du battement par minute\u2009\u00bb, conclut-il.<\/p>\n<p class=\" wall-content\">Suivez toute l\u2019actualit\u00e9 de vos villes et m\u00e9dias favoris en vous inscrivant \u00e0 <a href=\"https:\/\/moncompte.actu.fr\" title=\"D\u00e9couvez Mon Actu\" rel=\"nofollow noopener\" data-trk=\"{&quot;cta&quot;:{&quot;action&quot;:&quot;https:\\\/\\\/moncompte.actu.fr&quot;,&quot;category&quot;:&quot;mon compte&quot;,&quot;from&quot;:&quot;article footer&quot;,&quot;name&quot;:&quot;Mon actu&quot;,&quot;type&quot;:&quot;cta&quot;}}\" target=\"_blank\">Mon Actu<\/a>.<\/p>\n<p>                    <script async src=\"\/\/www.instagram.com\/embed.js\"><\/script><\/p>\n","protected":false},"excerpt":{"rendered":"Par Paul-Emile Bouchy Publi\u00e9 le 19 avr. 2025 \u00e0 12h02 La semaine, Philippe, 45\u00a0ans, est directeur commercial et&hellip;\n","protected":false},"author":2,"featured_media":36433,"comment_status":"","ping_status":"","sticky":false,"template":"","format":"standard","meta":{"footnotes":""},"categories":[9635],"tags":[1111,11,1777,674,1011,27,775,1652,873,1702,12,9026,25],"class_list":{"0":"post-36432","1":"post","2":"type-post","3":"status-publish","4":"format-standard","5":"has-post-thumbnail","7":"category-nancy","8":"tag-actu","9":"tag-actualites","10":"tag-eu","11":"tag-europe","12":"tag-fr","13":"tag-france","14":"tag-grand-est","15":"tag-loisirs-culture","16":"tag-musique","17":"tag-nancy","18":"tag-news","19":"tag-portrait","20":"tag-republique-francaise"},"share_on_mastodon":{"url":"https:\/\/pubeurope.com\/@fr\/114364530262467480","error":""},"_links":{"self":[{"href":"https:\/\/www.europesays.com\/fr\/wp-json\/wp\/v2\/posts\/36432","targetHints":{"allow":["GET"]}}],"collection":[{"href":"https:\/\/www.europesays.com\/fr\/wp-json\/wp\/v2\/posts"}],"about":[{"href":"https:\/\/www.europesays.com\/fr\/wp-json\/wp\/v2\/types\/post"}],"author":[{"embeddable":true,"href":"https:\/\/www.europesays.com\/fr\/wp-json\/wp\/v2\/users\/2"}],"replies":[{"embeddable":true,"href":"https:\/\/www.europesays.com\/fr\/wp-json\/wp\/v2\/comments?post=36432"}],"version-history":[{"count":0,"href":"https:\/\/www.europesays.com\/fr\/wp-json\/wp\/v2\/posts\/36432\/revisions"}],"wp:featuredmedia":[{"embeddable":true,"href":"https:\/\/www.europesays.com\/fr\/wp-json\/wp\/v2\/media\/36433"}],"wp:attachment":[{"href":"https:\/\/www.europesays.com\/fr\/wp-json\/wp\/v2\/media?parent=36432"}],"wp:term":[{"taxonomy":"category","embeddable":true,"href":"https:\/\/www.europesays.com\/fr\/wp-json\/wp\/v2\/categories?post=36432"},{"taxonomy":"post_tag","embeddable":true,"href":"https:\/\/www.europesays.com\/fr\/wp-json\/wp\/v2\/tags?post=36432"}],"curies":[{"name":"wp","href":"https:\/\/api.w.org\/{rel}","templated":true}]}}