{"id":364322,"date":"2025-09-03T22:54:10","date_gmt":"2025-09-03T22:54:10","guid":{"rendered":"https:\/\/www.europesays.com\/fr\/364322\/"},"modified":"2025-09-03T22:54:10","modified_gmt":"2025-09-03T22:54:10","slug":"un-joueur-de-lom-en-plein-calvaire-le-probleme-regle-grace-au-mercato","status":"publish","type":"post","link":"https:\/\/www.europesays.com\/fr\/364322\/","title":{"rendered":"Un joueur de l&rsquo;OM en plein calvaire : Le probl\u00e8me r\u00e9gl\u00e9 gr\u00e2ce au mercato ?"},"content":{"rendered":"<p>                    Hugo Chirossel<br \/>\n                        &#8211;<\/p>\n<p>Journaliste<\/p>\n<p>Passionn\u00e9 de football depuis le plus jeune \u00e2ge, devenir journaliste sportif est rapidement devenu une \u00e9vidence pour Hugo. Il se d\u00e9couvrira plus tard un amour pour la NBA, avant d\u2019explorer d\u2019autres horizons comme ceux de la Formule 1 et de la NFL.<\/p>\n<p class=\"heading\">En grande difficult\u00e9 depuis le d\u00e9but de la saison, Leonardo Balerdi a vu des s\u00e9rieux concurrents arriver \u00e0 l\u2019OM : Facundo Medina, Nayef Aguerd et Benjamin Pavard. Si son statut de titulaire pourrait \u00eatre remis en question, l\u2019international argentin conserve la confiance de Roberto De Zerbi et du club, persuad\u00e9 que mieux entour\u00e9, il peut retrouver son meilleur niveau. <\/p>\n<p>\u00c0 l\u2019image de l\u2019<strong>OM<\/strong>, <a href=\"https:\/\/le10sport.com\/football\/ligue1\/om\/apres-le-fiasco-un-joueur-de-lom-craque-face-a-un-journaliste-756399\" rel=\"nofollow noopener\" target=\"_blank\"><strong>Leonardo Balerdi<\/strong><\/a><strong> <\/strong>a compl\u00e8tement rat\u00e9 son d\u00e9but de saison. Fautif sur le but encaiss\u00e9 \u00e0 <strong>Rennes <\/strong>(1-0), le d\u00e9fenseur \u00e2g\u00e9 de 26 ans l\u2019a de nouveau \u00e9t\u00e9 lors de la victoire face au <strong>Paris FC<\/strong> (5-2). Le week-end dernier contre l\u2019<strong>OL<\/strong> (1-0), c\u2019est lui qui est \u00e0 l\u2019origine de la perte de balle qui a entra\u00een\u00e9 l\u2019expulsion de<strong> CJ Egan-Riley<\/strong>, alors que depuis, <strong>Nayef Aguerd<\/strong> et<strong> Benjamin Pavard <\/strong>sont venus renforcer le secteur d\u00e9fensif de Marseille, augmentant ainsi la concurrence. <\/p>\n<p>                                            \u00ab Roberto De Zerbi fera des choix, parce qu\u2019il y a du beau monde \u00bb<\/p>\n<p>\u00ab Est-ce que Balerdi risque de se retrouver sur le banc ? Non, il n\u2019y a aucune info en ce sens. En tout cas, c\u2019est difficile de l\u2019affirmer. Il n\u2019y a pas de plan \u00e9tabli de la part de Roberto De Zerbi ou de l\u2019OM en se disant : \u201cil va \u00eatre rel\u00e9gu\u00e9 sur le banc\u201d, \u00e7a, c&rsquo;est s\u00fbr \u00bb, a assur\u00e9 le journaliste <strong>Florent Germain <\/strong>dans le Super Moscato Show sur RMC. \u00ab Ce qui est vrai, c&rsquo;est qu\u2019il y a maintenant une concurrence. Et en fait, c\u2019est nouveau, parce qu\u2019il \u00e9tait un peu seul au monde ces derni\u00e8res saisons en d\u00e9fense. Pour le coup, les erreurs \u00e0 r\u00e9p\u00e9tition ou tout simplement le niveau qu\u2019il affiche depuis trois matchs, si \u00e7a continue, l\u00e0, on est certain que Roberto De Zerbi fera des choix, parce qu\u2019il y a du beau monde. \u00bb<\/p>\n<p>                                            \u00ab Le club est convaincu que mieux entour\u00e9 avec des joueurs exp\u00e9riment\u00e9s, peut-\u00eatre qu\u2019il pourra jouer un peu plus lib\u00e9r\u00e9 \u00bb<\/p>\n<p>\u00c0 l\u2019<strong>OM<\/strong>, on est persuad\u00e9 que <strong>Leonardo Balerdi <\/strong>peut profiter des nouvelles arriv\u00e9es en d\u00e9fense : \u00ab On rappelle qu\u2019il peut faire une charni\u00e8re centrale Benjamin Pavard et Nayef Aguerd, ou (Facundo) Medina. Sur le papier, c\u2019est possible et c\u2019est costaud. \u00c0 eux de gagner leur place aussi aux nouveaux arriv\u00e9s. Mais il y a une concurrence et Balerdi va devoir regagner son statut de titulaire indiscutable. Il garde la confiance de l\u2019OM malgr\u00e9 tout. Le club est convaincu que mieux entour\u00e9 avec des joueurs exp\u00e9riment\u00e9s comme ce sera le cas, peut-\u00eatre qu\u2019il pourra jouer un peu plus lib\u00e9r\u00e9. Il aura peut-\u00eatre moins de pression d\u2019\u00eatre le taulier de la d\u00e9fense. \u00bb<\/p>\n","protected":false},"excerpt":{"rendered":"Hugo Chirossel &#8211; Journaliste Passionn\u00e9 de football depuis le plus jeune \u00e2ge, devenir journaliste sportif est rapidement devenu&hellip;\n","protected":false},"author":2,"featured_media":364323,"comment_status":"","ping_status":"","sticky":false,"template":"","format":"standard","meta":{"footnotes":""},"categories":[1410],"tags":[63,1011,27,60],"class_list":{"0":"post-364322","1":"post","2":"type-post","3":"status-publish","4":"format-standard","5":"has-post-thumbnail","7":"category-football","8":"tag-football","9":"tag-fr","10":"tag-france","11":"tag-sports"},"share_on_mastodon":{"url":"https:\/\/pubeurope.com\/@fr\/115142830727746153","error":""},"_links":{"self":[{"href":"https:\/\/www.europesays.com\/fr\/wp-json\/wp\/v2\/posts\/364322","targetHints":{"allow":["GET"]}}],"collection":[{"href":"https:\/\/www.europesays.com\/fr\/wp-json\/wp\/v2\/posts"}],"about":[{"href":"https:\/\/www.europesays.com\/fr\/wp-json\/wp\/v2\/types\/post"}],"author":[{"embeddable":true,"href":"https:\/\/www.europesays.com\/fr\/wp-json\/wp\/v2\/users\/2"}],"replies":[{"embeddable":true,"href":"https:\/\/www.europesays.com\/fr\/wp-json\/wp\/v2\/comments?post=364322"}],"version-history":[{"count":0,"href":"https:\/\/www.europesays.com\/fr\/wp-json\/wp\/v2\/posts\/364322\/revisions"}],"wp:featuredmedia":[{"embeddable":true,"href":"https:\/\/www.europesays.com\/fr\/wp-json\/wp\/v2\/media\/364323"}],"wp:attachment":[{"href":"https:\/\/www.europesays.com\/fr\/wp-json\/wp\/v2\/media?parent=364322"}],"wp:term":[{"taxonomy":"category","embeddable":true,"href":"https:\/\/www.europesays.com\/fr\/wp-json\/wp\/v2\/categories?post=364322"},{"taxonomy":"post_tag","embeddable":true,"href":"https:\/\/www.europesays.com\/fr\/wp-json\/wp\/v2\/tags?post=364322"}],"curies":[{"name":"wp","href":"https:\/\/api.w.org\/{rel}","templated":true}]}}