{"id":364324,"date":"2025-09-03T22:55:11","date_gmt":"2025-09-03T22:55:11","guid":{"rendered":"https:\/\/www.europesays.com\/fr\/364324\/"},"modified":"2025-09-03T22:55:11","modified_gmt":"2025-09-03T22:55:11","slug":"patrick-sebastien-71-ans-a-la-limite-de-linceste-il-defend-sa-petite-pipe-avant-daller-dormir","status":"publish","type":"post","link":"https:\/\/www.europesays.com\/fr\/364324\/","title":{"rendered":"Patrick S\u00e9bastien (71 ans) \u00ab\u00a0\u00e0 la limite de l&rsquo;inceste\u00a0\u00bb, il d\u00e9fend sa \u00ab\u00a0petite pipe avant d&rsquo;aller dormir\u00a0\u00bb"},"content":{"rendered":"<p>Par <a class=\"author_recette\" id=\"author_name\" href=\"https:\/\/www.nextplz.fr\/auteur\/victoria-buisson\" rel=\"nofollow noopener\" target=\"_blank\">Victoria<br \/>\nBuisson<\/a> &#8211;<br \/>\nPubli\u00e9 le 03 Sep 2025 \u00e0<br \/>\n20:30<\/p>\n<p class=\"article-intro excerpt\">Patrick S\u00e9bastien n\u2019a pas la<br \/>\nlangue dans sa poche. En chanson comme en interview, il n\u2019h\u00e9site<br \/>\njamais \u00e0 ouvrir son c\u0153ur.<\/p>\n<p>Patrick S\u00e9bastien \u00e9tait pr\u00e9sent ce mardi 2 septembre 2025 sur le<br \/>\nplateau de Tout beau, tout n9uf, la nouvelle \u00e9mission de<br \/>\nCyril Hanouna diffus\u00e9e sur W9. L\u00a0\u00bbanimateur et chanteur y a \u00e9voqu\u00e9<br \/>\nson \u00e9t\u00e9, marqu\u00e9 par la f\u00eate, mais aussi par une pol\u00e9mique<br \/>\nretentissante. En effet, en juillet, il s&rsquo;est retrouv\u00e9 malgr\u00e9 lui<br \/>\nau c\u0153ur d&rsquo;une affaire m\u00e9diatis\u00e9e apr\u00e8s un concert donn\u00e9 dans un<br \/>\ncamping du Cap d&rsquo;Agde. Ce soir-l\u00e0, une spectatrice avait, en plein<br \/>\nshow, mim\u00e9 un geste sexuel devant des centaines de personnes, ce<br \/>\nqui n&rsquo;avait pas manqu\u00e9 de provoquer un v\u00e9ritable scandale.<\/p>\n<p>\u00ab\u00a0Une petite pipe avant<br \/>\nd&rsquo;aller dormir\u00a0\u00bb<\/p>\n<p>Ce n&rsquo;est \u00e9videmment pas la premi\u00e8re fois que Patrick S\u00e9bastien<br \/>\nse retrouve m\u00eal\u00e9 \u00e0 une controverse du genre. L&rsquo;artiste, connu pour<br \/>\nson franc-parler et son go\u00fbt pour la provocation, a r\u00e9guli\u00e8rement<br \/>\nd\u00e9fray\u00e9 la chronique par ses confidences intimes. Dans plusieurs<br \/>\ninterviews, il n&rsquo;a d&rsquo;ailleurs jamais cach\u00e9 son rapport d\u00e9complex\u00e9 \u00e0<br \/>\nla sexualit\u00e9, allant m\u00eame jusqu&rsquo;\u00e0 en faire <a href=\"https:\/\/www.nextplz.fr\/people\/493258-le-cul-jen-parle-patrick-sebastien-semporte-et-fait-des-confidences-tranchantes\" rel=\"nofollow noopener\" target=\"_blank\"><br \/>\nun sujet r\u00e9current dans ses chansons<\/a>. \u00ab\u00a0Une petite pipe<br \/>\navant d&rsquo;aller dormir, une petite pipe avant d&rsquo;aller se<br \/>\ncoucher&#8230;\u00a0\u00bb, chantonne-t-il en double sens dans Une<br \/>\nP&rsquo;tite\u00a0Pipe\u00a0Hourra. Un titre qui ne fait<br \/>\nmalheureusement pas l&rsquo;unanimit\u00e9.<\/p>\n<p>Laurence Rossignol charge Patrick<br \/>\nS\u00e9bastien<\/p>\n<p>Invit\u00e9 sur RTL en mai 2015, la secr\u00e9taire d&rsquo;\u00c9tat \u00e0 la<br \/>\nFamille,\u00a0Laurence Rossignol, s&rsquo;\u00e9tait notamment indign\u00e9e des<br \/>\nparoles de Patrick S\u00e9bastien. \u00ab\u00a0Je trouve \u00e7a limite incestueux<br \/>\nque de faire chanter \u00e7a dans une famille, \u00e0 20h50. Or la lutte<br \/>\ncontre l&rsquo;inceste et la p\u00e9dophilie est une de mes priorit\u00e9s\u00a0\u00bb,<br \/>\navait-elle confi\u00e9. Des propos qui ont fait r\u00e9agir l&rsquo;int\u00e9ress\u00e9.<br \/>\nQuelques jours plus tard, c&rsquo;est en effet sur le plateau de<br \/>\nTouche pas \u00e0 mon poste que <a href=\"https:\/\/www.nextplz.fr\/people\/491669-patrick-sebastien-cash-sur-sa-separation-avec-sa-femme-nathalie-je-nappartiens-a-personne\" rel=\"nofollow noopener\" target=\"_blank\"><br \/>\ncelui qui s&rsquo;est confi\u00e9 sur sa s\u00e9paration d&rsquo;avec sa femme<br \/>\nNathalie<\/a> s&rsquo;\u00e9tait livr\u00e9 sur la pol\u00e9mique. \u00ab\u00a0La dame doit<br \/>\nrevenir \u00e0 l&rsquo;\u00e9cole et acheter un dictionnaire\u00a0\u00bb, avait-il lanc\u00e9<br \/>\nvisiblement en col\u00e8re.<\/p>\n<p>L&rsquo;artiste r\u00e9pond \u00e0 ses rivaux une bonne fois pour toutes<\/p>\n<p>\u00ab\u00a0Parler de p\u00e9dophilie et d&rsquo;inceste ? Je peux l&rsquo;attaquer en<br \/>\ndiffamation\u00a0\u00bb, avait ajout\u00e9 Patrick S\u00e9bastien. Et de poursuivre<br \/>\n: \u00ab\u00a0Elle est mal tomb\u00e9e : depuis trois ans, je parraine<br \/>\nl&rsquo;association Enfance et partage. Depuis deux ans, je demande au<br \/>\ngouvernement que l&rsquo;enfance maltrait\u00e9e soit cause nationale ! Si<br \/>\navec cette pol\u00e9mique, la ministre peut s&rsquo;arranger pour que<br \/>\nl&rsquo;enfance maltrait\u00e9e soit une cause nationale, \u00e7a, \u00e7a me<br \/>\npla\u00eet.\u00a0\u00bb Il avait alors minimis\u00e9 la pol\u00e9mique en la qualifiant<br \/>\nde \u00ab\u00a0temp\u00eate dans un verre d&rsquo;eau\u00a0\u00bb avant de fustiger :<br \/>\n\u00ab\u00a0il y a choses beaucoup plus graves\u00a0\u00bb.<\/p>\n","protected":false},"excerpt":{"rendered":"Par Victoria Buisson &#8211; Publi\u00e9 le 03 Sep 2025 \u00e0 20:30 Patrick S\u00e9bastien n\u2019a pas la langue dans&hellip;\n","protected":false},"author":2,"featured_media":364325,"comment_status":"","ping_status":"","sticky":false,"template":"","format":"standard","meta":{"footnotes":""},"categories":[1359],"tags":[58,59,1011,27,973],"class_list":{"0":"post-364324","1":"post","2":"type-post","3":"status-publish","4":"format-standard","5":"has-post-thumbnail","7":"category-people","8":"tag-divertissement","9":"tag-entertainment","10":"tag-fr","11":"tag-france","12":"tag-people"},"share_on_mastodon":{"url":"https:\/\/pubeurope.com\/@fr\/115142834491450098","error":""},"_links":{"self":[{"href":"https:\/\/www.europesays.com\/fr\/wp-json\/wp\/v2\/posts\/364324","targetHints":{"allow":["GET"]}}],"collection":[{"href":"https:\/\/www.europesays.com\/fr\/wp-json\/wp\/v2\/posts"}],"about":[{"href":"https:\/\/www.europesays.com\/fr\/wp-json\/wp\/v2\/types\/post"}],"author":[{"embeddable":true,"href":"https:\/\/www.europesays.com\/fr\/wp-json\/wp\/v2\/users\/2"}],"replies":[{"embeddable":true,"href":"https:\/\/www.europesays.com\/fr\/wp-json\/wp\/v2\/comments?post=364324"}],"version-history":[{"count":0,"href":"https:\/\/www.europesays.com\/fr\/wp-json\/wp\/v2\/posts\/364324\/revisions"}],"wp:featuredmedia":[{"embeddable":true,"href":"https:\/\/www.europesays.com\/fr\/wp-json\/wp\/v2\/media\/364325"}],"wp:attachment":[{"href":"https:\/\/www.europesays.com\/fr\/wp-json\/wp\/v2\/media?parent=364324"}],"wp:term":[{"taxonomy":"category","embeddable":true,"href":"https:\/\/www.europesays.com\/fr\/wp-json\/wp\/v2\/categories?post=364324"},{"taxonomy":"post_tag","embeddable":true,"href":"https:\/\/www.europesays.com\/fr\/wp-json\/wp\/v2\/tags?post=364324"}],"curies":[{"name":"wp","href":"https:\/\/api.w.org\/{rel}","templated":true}]}}