{"id":364326,"date":"2025-09-03T22:56:20","date_gmt":"2025-09-03T22:56:20","guid":{"rendered":"https:\/\/www.europesays.com\/fr\/364326\/"},"modified":"2025-09-03T22:56:20","modified_gmt":"2025-09-03T22:56:20","slug":"les-aventures-de-la-photo-a-travers-les-ages-dans-lespace-andre-chamson-a-ales","status":"publish","type":"post","link":"https:\/\/www.europesays.com\/fr\/364326\/","title":{"rendered":"Les aventures de la photo \u00e0 travers les \u00e2ges dans l\u2019espace Andr\u00e9-Chamson \u00e0 Al\u00e8s"},"content":{"rendered":"<p>\n                                                                Depuis ce lundi, une int\u00e9ressante exposition sur l\u2019histoire de la photographie est pr\u00e9sent\u00e9e dans l\u2019espace Chamson \u00e0 Al\u00e8s.\n                            <\/p>\n<p>L\u2019exposition actuellement pr\u00e9sent\u00e9e dans la salle Vinci de l\u2019espace Chamson d\u2019Al\u00e8s par l\u2019association Hors cadre se veut comme une petite histoire des techniques utilis\u00e9es par la photographie depuis le XIXe\u00a0si\u00e8cle. Serge Ferreux, le pr\u00e9sident de l\u2019association, en pr\u00e9cise quelques traits\u00a0: \u00ab\u00a0Ce sont des syst\u00e8mes alternatifs anciens qui y sont montr\u00e9s. D\u2019ailleurs, Jerry Brodrick qui est passionn\u00e9 par ces techniques d\u2019autrefois, propose des ambrotypes, r\u00e9alis\u00e9s avec une chambre, avec des tirages sur papier ou plaques de verre sensibilis\u00e9es \u00e0 la main. Ce sont des images qui ont un caract\u00e8re unique.\u00a0\u00bb\u00a0Une technique demandant une dizaine de minutes de travail entre la prise de vue et le tirage, ce qui, para\u00eet rapide pour la soci\u00e9t\u00e9 de ce temps-l\u00e0. Une autre approche, celle que pratique Jean Dizier qui a choisi de proposer une s\u00e9rie de tirages sur papier de vieilles photos de famille qui \u00e9taient fix\u00e9es sur des\u00a0plaques de verre. Un clin d\u2019\u0153il empathique \u00e0 toutes ces photos t\u00e9moins d\u2019une \u00e9poque.<\/p>\n<p>Les plaisirs du cyanotype<\/p>\n<p>Quant \u00e0 Serge Ferreux, il a port\u00e9 son choix sur les cyanotypes, un processus d\u2019impression photographique qui produit une impression de couleur cyan, un anc\u00eatre de la photo argentique. \u00ab\u00a0Il permet de capturer, explique-t-il, l\u2019empreinte d\u2019un objet plac\u00e9 directement sur le papier, puis on l\u2019insole avec la lumi\u00e8re du jour.\u00a0\u00bb\u00a0Une technique particuli\u00e8rement appr\u00e9ci\u00e9e par les botanistes pour sublimer leurs herbiers. Elle est aujourd\u2019hui abandonn\u00e9e, si ce n\u2019est le plaisir d\u2019utiliser une technique issue d\u2019un patrimoine de la recherche d\u2019autrefois.<\/p>\n<p>Dans un rayon tout autre, la plasticienne Nadia Brodrick en profite pour exposer dans des vitrines, une s\u00e9rie de figurines \u00e9l\u00e9gantes con\u00e7ues \u00e0 partir de mat\u00e9riaux de r\u00e9cup\u00e9ration.<\/p>\n<p>Exposition visible jusqu\u2019au 12\u00a0septembre. Vernissage ce vendredi 5\u00a0septembre \u00e0 18\u00a0h.<\/p>\n","protected":false},"excerpt":{"rendered":"Depuis ce lundi, une int\u00e9ressante exposition sur l\u2019histoire de la photographie est pr\u00e9sent\u00e9e dans l\u2019espace Chamson \u00e0 Al\u00e8s.&hellip;\n","protected":false},"author":2,"featured_media":364327,"comment_status":"","ping_status":"","sticky":false,"template":"","format":"standard","meta":{"footnotes":""},"categories":[1358],"tags":[1348,1384,1385,1386,58,59,1011,27],"class_list":{"0":"post-364326","1":"post","2":"type-post","3":"status-publish","4":"format-standard","5":"has-post-thumbnail","7":"category-arts-et-design","8":"tag-arts","9":"tag-arts-and-design","10":"tag-arts-et-design","11":"tag-design","12":"tag-divertissement","13":"tag-entertainment","14":"tag-fr","15":"tag-france"},"share_on_mastodon":{"url":"https:\/\/pubeurope.com\/@fr\/115142838425286648","error":""},"_links":{"self":[{"href":"https:\/\/www.europesays.com\/fr\/wp-json\/wp\/v2\/posts\/364326","targetHints":{"allow":["GET"]}}],"collection":[{"href":"https:\/\/www.europesays.com\/fr\/wp-json\/wp\/v2\/posts"}],"about":[{"href":"https:\/\/www.europesays.com\/fr\/wp-json\/wp\/v2\/types\/post"}],"author":[{"embeddable":true,"href":"https:\/\/www.europesays.com\/fr\/wp-json\/wp\/v2\/users\/2"}],"replies":[{"embeddable":true,"href":"https:\/\/www.europesays.com\/fr\/wp-json\/wp\/v2\/comments?post=364326"}],"version-history":[{"count":0,"href":"https:\/\/www.europesays.com\/fr\/wp-json\/wp\/v2\/posts\/364326\/revisions"}],"wp:featuredmedia":[{"embeddable":true,"href":"https:\/\/www.europesays.com\/fr\/wp-json\/wp\/v2\/media\/364327"}],"wp:attachment":[{"href":"https:\/\/www.europesays.com\/fr\/wp-json\/wp\/v2\/media?parent=364326"}],"wp:term":[{"taxonomy":"category","embeddable":true,"href":"https:\/\/www.europesays.com\/fr\/wp-json\/wp\/v2\/categories?post=364326"},{"taxonomy":"post_tag","embeddable":true,"href":"https:\/\/www.europesays.com\/fr\/wp-json\/wp\/v2\/tags?post=364326"}],"curies":[{"name":"wp","href":"https:\/\/api.w.org\/{rel}","templated":true}]}}