{"id":364328,"date":"2025-09-03T22:57:11","date_gmt":"2025-09-03T22:57:11","guid":{"rendered":"https:\/\/www.europesays.com\/fr\/364328\/"},"modified":"2025-09-03T22:57:11","modified_gmt":"2025-09-03T22:57:11","slug":"quinze-minutes-de-lecture-dans-le-leman-express-pour-les-eleves","status":"publish","type":"post","link":"https:\/\/www.europesays.com\/fr\/364328\/","title":{"rendered":"Quinze minutes de lecture dans le L\u00e9man Express pour les \u00e9l\u00e8ves"},"content":{"rendered":"<p>Du 29 septembre au 17 octobre, plus de 2000 \u00e9l\u00e8ves genevois vont pratiquer leur quart d\u2019heure de lecture silencieuse habituel \u00e0 bord du L\u00e9man Express. Ce moment sera suivi d\u2019une rencontre avec des artistes \u2013 \u00e9crivains, po\u00e8tes, journalistes, mais aussi cin\u00e9astes, musiciens et autres personnalit\u00e9s. Intitul\u00e9 \u00abWagons-lit, lectures en silence\u00bb, cet \u00e9v\u00e9nement constitue le troisi\u00e8me [\u2026]<\/p>\n<p>        <img height=\"1\" width=\"1\" style=\"display:none\"\nsrc=\"https:\/\/www.facebook.com\/tr?id=1171977514384162&#038;ev=PageView&#038;noscript=1\"\n\/><\/p>\n","protected":false},"excerpt":{"rendered":"Du 29 septembre au 17 octobre, plus de 2000 \u00e9l\u00e8ves genevois vont pratiquer leur quart d\u2019heure de lecture&hellip;\n","protected":false},"author":2,"featured_media":364329,"comment_status":"","ping_status":"","sticky":false,"template":"","format":"standard","meta":{"footnotes":""},"categories":[1357],"tags":[1379,58,59,1011,27,1380],"class_list":{"0":"post-364328","1":"post","2":"type-post","3":"status-publish","4":"format-standard","5":"has-post-thumbnail","7":"category-livres","8":"tag-books","9":"tag-divertissement","10":"tag-entertainment","11":"tag-fr","12":"tag-france","13":"tag-livres"},"share_on_mastodon":{"url":"https:\/\/pubeurope.com\/@fr\/115142842513179285","error":""},"_links":{"self":[{"href":"https:\/\/www.europesays.com\/fr\/wp-json\/wp\/v2\/posts\/364328","targetHints":{"allow":["GET"]}}],"collection":[{"href":"https:\/\/www.europesays.com\/fr\/wp-json\/wp\/v2\/posts"}],"about":[{"href":"https:\/\/www.europesays.com\/fr\/wp-json\/wp\/v2\/types\/post"}],"author":[{"embeddable":true,"href":"https:\/\/www.europesays.com\/fr\/wp-json\/wp\/v2\/users\/2"}],"replies":[{"embeddable":true,"href":"https:\/\/www.europesays.com\/fr\/wp-json\/wp\/v2\/comments?post=364328"}],"version-history":[{"count":0,"href":"https:\/\/www.europesays.com\/fr\/wp-json\/wp\/v2\/posts\/364328\/revisions"}],"wp:featuredmedia":[{"embeddable":true,"href":"https:\/\/www.europesays.com\/fr\/wp-json\/wp\/v2\/media\/364329"}],"wp:attachment":[{"href":"https:\/\/www.europesays.com\/fr\/wp-json\/wp\/v2\/media?parent=364328"}],"wp:term":[{"taxonomy":"category","embeddable":true,"href":"https:\/\/www.europesays.com\/fr\/wp-json\/wp\/v2\/categories?post=364328"},{"taxonomy":"post_tag","embeddable":true,"href":"https:\/\/www.europesays.com\/fr\/wp-json\/wp\/v2\/tags?post=364328"}],"curies":[{"name":"wp","href":"https:\/\/api.w.org\/{rel}","templated":true}]}}