{"id":364330,"date":"2025-09-03T22:58:10","date_gmt":"2025-09-03T22:58:10","guid":{"rendered":"https:\/\/www.europesays.com\/fr\/364330\/"},"modified":"2025-09-03T22:58:10","modified_gmt":"2025-09-03T22:58:10","slug":"tu-fais-mal-a-la-politique-marlene-schiappa-et-damien-canivez-secharpent-en-direct-sur-tbt9","status":"publish","type":"post","link":"https:\/\/www.europesays.com\/fr\/364330\/","title":{"rendered":"\u00ab\u00a0Tu fais mal \u00e0 la politique\u00a0\u00bb : Marl\u00e8ne Schiappa et Damien Canivez s\u2019\u00e9charpent en direct sur TBT9"},"content":{"rendered":"<p>Elle se doutait qu\u2019elle n\u2019allait pas plaire \u00e0 tout le monde en prenant part \u00e0 <a href=\"https:\/\/www.public.fr\/les-traitres-nouvelles-regles-candidats-tout-ce-quil-faut-savoir-sur-la-nouvelle-saison\" rel=\"nofollow noopener\" target=\"_blank\">la nouvelle saison<\/a> des <strong><a href=\"https:\/\/www.public.fr\/tag\/les-traitres\" rel=\"nofollow noopener\" target=\"_blank\">\u00ab\u00a0Tra\u00eetres\u00a0\u00bb<\/a><\/strong>. Reste \u00e0 savoir <a href=\"https:\/\/www.public.fr\/marlene-schiappa-se-marie-a-42-ans-avec-matthias-savignac-dans-une-ceremonie-intime-en-sicile\" rel=\"nofollow noopener\" target=\"_blank\">si Marl\u00e8ne Schiappa<\/a> pensait qu\u2019aupr\u00e8s de ses coll\u00e8gues de <strong><a href=\"https:\/\/www.public.fr\/tag\/tout-beau-tout-9\" rel=\"nofollow noopener\" target=\"_blank\">TBT9<\/a><\/strong>, elle ne ferait pas non plus l\u2019unanimit\u00e9. En effet, ce mercredi 3 septembre 2025, Damien Canivez lui a fait part de <strong>sa \u00ab\u00a0col\u00e8re\u00a0\u00bb en la d\u00e9couvrant dans le programme M6.<\/strong><\/p>\n<p>La nouvelle saison de l\u2019\u00e9mission embl\u00e9matique de la Six a \u00e9t\u00e9 lanc\u00e9e ce mardi 2 septembre 2025. Une cinqui\u00e8me saison qui r\u00e9unit, une nouvelle fois, un casting de qualit\u00e9, avec des personnalit\u00e9s provenant de diff\u00e9rents horizons. Du monde de l\u2019influence \u00e0 la com\u00e9die, en passant par le milieu du sport ou encore la politique, tout est r\u00e9uni pour offrir une nouvelle saison de qualit\u00e9.<\/p>\n<p><strong>Et parmi les 16 candidats figure Marl\u00e8ne Schiappa<\/strong>, nouvelle chroniqueuse de <strong>TBT9<\/strong>, la nouvelle quotidienne de <a href=\"https:\/\/www.public.fr\/tag\/cyril-hanouna\" rel=\"nofollow noopener\" target=\"_blank\">Cyril Hanouna<\/a> sur W9. Ce mercredi 3 septembre 2025, l\u2019animateur a convi\u00e9 sur son plateau, <a href=\"https:\/\/vsd.fr\/86931-de-nelson-monfort-a-marlene-schiappa-35-candidats-auditionnes-pour-tout-beau-tout-n9uf\/\" rel=\"nofollow noopener\" target=\"_blank\">sa chroniqueuse autrefois ministre<\/a>, ainsi que Damien Canivez, journaliste du Buzz TV du Figaro et \u00e9galement membre de l\u2019\u00e9quipe de la nouvelle \u00e9mission de \u00ab\u00a0Baba\u00a0\u00bb.<\/p>\n<p>Damien Canivez d\u00e9\u00e7u de retrouver Marl\u00e8ne Schiappa dans \u00ab\u00a0Les Tra\u00eetres\u00a0\u00bb<\/p>\n<p>L\u2019occasion pour Damien Canivez de dire ses quatre v\u00e9rit\u00e9s \u00e0 la femme politique. \u00ab\u00a0<strong>J\u2019ai tr\u00e8s mal dormi \u00e0 cause de \u00e7a<\/strong>. Marl\u00e8ne, cramponne-toi parce que l\u00e0, \u00e7a va secouer (\u2026) Marl\u00e8ne, je pense que ta participation \u00e0 cette \u00e9mission est un v\u00e9ritable scandale pour deux raisons\u00a0\u00bb, a-t-il d\u00e9marr\u00e9.<\/p>\n<p>Le chroniqueur de Cyril Hanouna s\u2019est ensuite justifi\u00e9 : \u00ab\u00a0D\u00e9j\u00e0 parce que <strong>ta collaboration au gouvernement\u00a0 est trop r\u00e9cente.<\/strong> Je pense que \u00e7a peut cr\u00e9er de la confusion dans la t\u00eate des t\u00e9l\u00e9spectateurs qui te voient parfois \u00e0 juste titre encore comme une ministre et en plus de \u00e7a tu d\u00e9sacralises la politique\u00a0\u00bb.<\/p>\n<p>Le journaliste estime que voir Marl\u00e8ne Schiappa \u00e0 c\u00f4t\u00e9 de Christine Bravo ou l\u2019interpr\u00e8te du g\u00e9n\u00e9rique de <strong>\u00ab\u00a0Miraculous\u00a0\u00bb<\/strong>, \u00e9galement candidates des <strong>\u00ab\u00a0Tra\u00eetres\u00a0\u00bb<\/strong>, \u00ab\u00a0d\u00e9sacralise la politique\u00a0\u00bb : \u00ab\u00a0tu laisses croire que la politique est un jeu finalement et tu fais du mal \u00e0 la politique (\u2026) <strong>Je trouve que tu fais mal \u00e0 la politique en participant \u00e0 cette \u00e9mission, Marl\u00e8ne<\/strong>\u00ab\u00a0. Damien Canivez a donn\u00e9 d\u2019autres arguments au cours de sa longue d\u00e9claration afin de faire part de sa d\u00e9ception de voir sa coll\u00e8gue dans l\u2019\u00e9mission de M6.\u00a0<\/p>\n<p>L&rsquo;ancienne ministre se d\u00e9fend <\/p>\n<p>Pour se d\u00e9fendre, la chroniqueuse de Cyril Hanouna a rappel\u00e9 ne pas \u00eatre \u00ab\u00a0n\u00e9e ministre\u00a0\u00bb. \u00ab\u00a0Je suis n\u00e9e dans ma cit\u00e9 \u00e0 Belleville. Je n\u2019ai pas grandi sous les ors de la R\u00e9publique,<strong> je n\u2019ai pas un tampon<\/strong>. Et ne suis pas ministre \u00e0 vie et je suis une personne avant tout\u00a0\u00bb, a-t-elle souhait\u00e9 se d\u00e9fendre dans un premier temps.<\/p>\n<p>Avant d\u2019argumenter : \u00ab\u00a0Ensuite, j&rsquo;ai toujours dit que <strong>moi, ce qui m&rsquo;int\u00e9ressait, c&rsquo;\u00e9tait d&rsquo;\u00eatre un trait d&rsquo;union entre les diff\u00e9rents univers<\/strong>. Et je vais te dire, moi, j&rsquo;ai ador\u00e9 aller dans les Tra\u00eetres, comme j&rsquo;adore venir ici et rencontrer des gens qui ne sont pas de mon univers. Savoir ce que Polska pense de la pr\u00e9sidentielle, en vrai, je vais \u00eatre honn\u00eate, \u00e7a m&rsquo;int\u00e9resse. \u00c7a m&rsquo;int\u00e9resse de savoir ce que des gens qui sont \u00e9loign\u00e9s de mon univers pensent, comment ils se construisent, quelles sont leurs passions, ce qui les anime. Et c&rsquo;est comme \u00e7a qu&rsquo;on se rend compte que je d\u00e9teste le sectarisme\u00a0\u00bb.\u00a0<\/p>\n<p>\u00ab\u00a0Et pour finir, <strong>on m&rsquo;a dit toute ma vie politique que j&rsquo;\u00e9tais dans des endroits o\u00f9 je ne devais pas aller <\/strong>(\u2026) c&rsquo;est un peu dat\u00e9, ce d\u00e9bat, de dire que je vais quelque part o\u00f9 je ne dois pas aller. Tu sais tr\u00e8s bien que j&rsquo;ai l&rsquo;habitude de dire que je ne souhaite pas rentrer dans le moule. Rentrer dans le moule, c&rsquo;est l&rsquo;ambition d&rsquo;une tarte\u00a0\u00bb, a-t-elle conclu pour se d\u00e9fendre. Un d\u00e9bat qui s\u2019est termin\u00e9 sans r\u00e9elles prises de bec, contrairement \u00e0 ce que nous avait habitu\u00e9s l\u2019ancienne version de la quotidienne de Cyril Hanouna.<\/p>\n<p>      Mentionn\u00e9s dans cet article<\/p>\n<p>      Sur le m\u00eame sujet<\/p>\n","protected":false},"excerpt":{"rendered":"Elle se doutait qu\u2019elle n\u2019allait pas plaire \u00e0 tout le monde en prenant part \u00e0 la nouvelle saison&hellip;\n","protected":false},"author":2,"featured_media":364331,"comment_status":"","ping_status":"","sticky":false,"template":"","format":"standard","meta":{"footnotes":""},"categories":[1356],"tags":[1083,58,59,1011,27,16675,494,33875,252,22498,22497,1364],"class_list":{"0":"post-364330","1":"post","2":"type-post","3":"status-publish","4":"format-standard","5":"has-post-thumbnail","7":"category-television","8":"tag-cyril-hanouna","9":"tag-divertissement","10":"tag-entertainment","11":"tag-fr","12":"tag-france","13":"tag-les-traitres","14":"tag-m6","15":"tag-marlene-schiappa","16":"tag-television","17":"tag-tout-9-tbt9","18":"tag-tout-beau","19":"tag-tv"},"share_on_mastodon":{"url":"https:\/\/pubeurope.com\/@fr\/115142846366719376","error":""},"_links":{"self":[{"href":"https:\/\/www.europesays.com\/fr\/wp-json\/wp\/v2\/posts\/364330","targetHints":{"allow":["GET"]}}],"collection":[{"href":"https:\/\/www.europesays.com\/fr\/wp-json\/wp\/v2\/posts"}],"about":[{"href":"https:\/\/www.europesays.com\/fr\/wp-json\/wp\/v2\/types\/post"}],"author":[{"embeddable":true,"href":"https:\/\/www.europesays.com\/fr\/wp-json\/wp\/v2\/users\/2"}],"replies":[{"embeddable":true,"href":"https:\/\/www.europesays.com\/fr\/wp-json\/wp\/v2\/comments?post=364330"}],"version-history":[{"count":0,"href":"https:\/\/www.europesays.com\/fr\/wp-json\/wp\/v2\/posts\/364330\/revisions"}],"wp:featuredmedia":[{"embeddable":true,"href":"https:\/\/www.europesays.com\/fr\/wp-json\/wp\/v2\/media\/364331"}],"wp:attachment":[{"href":"https:\/\/www.europesays.com\/fr\/wp-json\/wp\/v2\/media?parent=364330"}],"wp:term":[{"taxonomy":"category","embeddable":true,"href":"https:\/\/www.europesays.com\/fr\/wp-json\/wp\/v2\/categories?post=364330"},{"taxonomy":"post_tag","embeddable":true,"href":"https:\/\/www.europesays.com\/fr\/wp-json\/wp\/v2\/tags?post=364330"}],"curies":[{"name":"wp","href":"https:\/\/api.w.org\/{rel}","templated":true}]}}