{"id":364332,"date":"2025-09-03T22:59:11","date_gmt":"2025-09-03T22:59:11","guid":{"rendered":"https:\/\/www.europesays.com\/fr\/364332\/"},"modified":"2025-09-03T22:59:11","modified_gmt":"2025-09-03T22:59:11","slug":"30-ans-apres-celine-dion-raconte-sa-surprenante-premiere-rencontre-avec-jean-jacques-goldman","status":"publish","type":"post","link":"https:\/\/www.europesays.com\/fr\/364332\/","title":{"rendered":"30 ans apr\u00e8s, C\u00e9line Dion raconte sa (surprenante) premi\u00e8re rencontre avec Jean-Jacques Goldman"},"content":{"rendered":"<p>Duo incontournable de la chanson fran\u00e7aise, C\u00e9line Dion et Jean-Jacques Goldman ont marqu\u00e9 les esprits avec leur album \u00ab\u00a0D\u2019eux\u00a0\u00bb. 30\u00a0ans plus tard, les artistes sont revenus sur les coulisses de ce succ\u00e8s, mais aussi sur l\u2019histoire de leur rencontre.<\/p>\n<p>Lorsqu\u2019on pense aux duos iconiques, viennent imm\u00e9diatement \u00e0 l\u2019esprit Eric et Ramzy, Ast\u00e9rix et Ob\u00e9lix, ou encore Batman et Robin. Mais dans la chanson fran\u00e7aise, <a href=\"https:\/\/www.parismatch.com\/culture\/musique\/exclusif-celine-dion-et-jean-jacques-goldman-vont-collaborer-ensemble-245175\" rel=\"nofollow noopener\" target=\"_blank\">C\u00e9line Dion et Jean-Jacques Goldman<\/a> sont sans aucun doute l\u2019un des tandems les plus mythiques. Ensemble, ils ont sign\u00e9 \u00ab\u00a0D\u2019eux\u00a0\u00bb, album francophone le plus vendu de tous les temps, mais avant ce succ\u00e8s historique, il y a d\u2019abord eu une rencontre faite de hasard, puis une proposition autour d\u2019un d\u00eener. Cette rencontre, le duo l\u2019a racont\u00e9 dans le documentaire \u00ab\u00a0C\u00e9line Dion raconte D\u2019eux\u00a0\u00bb, diffus\u00e9 ce 3\u00a0septembre \u00e0 21h10 sur M6.<\/p>\n<p><a href=\"https:\/\/www.parismatch.com\/bio\/celine-dion\" rel=\"nofollow noopener\" target=\"_blank\">C\u00e9line Dion<\/a> et Jean-Jacques Goldman se croisent pour la premi\u00e8re fois au Midem de Cannes, au d\u00e9but des ann\u00e9es 80.\u00a0La chanteuse en est encore \u00e0 ses d\u00e9buts avec \u00ab\u00a0D\u2019amour ou d\u2019amiti\u00e9\u00a0\u00bb, tandis que <a href=\"https:\/\/www.parismatch.com\/bio\/jean-jacques-goldman\" rel=\"nofollow noopener\" target=\"_blank\">Jean-Jacques Goldman<\/a> explose avec \u00ab\u00a0Quand la musique est bonne\u00a0\u00bb et \u00ab\u00a0Il suffira d\u2019un signe.\u00a0\u00bb \u00ab\u00a0On a d\u00fb se rencontrer rapido, rapido\u00a0\u00bb, explique la chanteuse de 57\u00a0ans, le sourire aux l\u00e8vres. Jean-Jacques Goldman se souvient\u00a0: \u00ab\u00a0Je commen\u00e7ais et elle aussi. [&#8230;] J\u2019avais entendu \u00e0 la radio cette fille de 13-14\u00a0ans avec une tr\u00e8s grande voix. Mais je n\u2019en ai pas gard\u00e9 un souvenir pr\u00e9cis.\u00a0\u00bb<\/p>\n<p>    La suite apr\u00e8s cette publicit\u00e9<\/p>\n<p>    <img decoding=\"async\" src=\"https:\/\/www.europesays.com\/fr\/wp-content\/uploads\/2025\/09\/bestimage_00073117_000005.jpg\" alt=\"C\u00e9line Dion et Jean-Jacques Goldman sur la sc\u00e8ne du Stade de France \u00e0 Paris, le 20 juin 1999.\" loading=\"lazy\"\/><\/p>\n<p>\n      C\u00e9line Dion et Jean-Jacques Goldman sur la sc\u00e8ne du Stade de France \u00e0 Paris, le 20 juin 1999.<\/p>\n<p>                AGENCE \/ BESTIMAGE<br \/>\n                      \/<br \/>\n                                \u00a9 AGENCE \/ BESTIMAGE<\/p>\n<p>Le vrai rendez-vous\u00a0: au restaurant Pauline<\/p>\n<p>C\u2019est bien plus tard, \u00e0 Paris, que tout se joue. <a href=\"https:\/\/www.parismatch.com\/bio\/rene-angelil\" rel=\"nofollow noopener\" target=\"_blank\">Ren\u00e9 Ang\u00e9lil, mari et manager de C\u00e9line<\/a>, apprend que Jean-Jacques Goldman souhaite rencontrer la chanteuse. Le rendez-vous est alors fix\u00e9 au restaurant Pauline. \u00ab\u00a0Je me souviendrais toujours de cette rencontre dans un petit restaurant\u00a0\u00bb, raconte R\u00e9n\u00e9.\u00a0Une rencontre \u00e0 laquelle Jean-Jacques Goldman est arriv\u00e9 \u00e0 bicyclette. \u00ab\u00a0Il \u00e9tait relax, sympathique, vraiment pas compliqu\u00e9. On a jas\u00e9, parl\u00e9 de petites choses\u00a0\u00bb, rapporte C\u00e9line Dion avant d\u2019expliquer \u00eatre rapidement partie faire du shopping. \u00ab\u00a0J\u2019ai juste rencontr\u00e9 Jean-Jacques, embrasser Ren\u00e9 et bye bye\u00a0\u00bb.<\/p>\n<p>    La suite apr\u00e8s cette publicit\u00e9<\/p>\n<p>Derri\u00e8re cette d\u00e9contraction, Jean-Jacques Goldman avait une id\u00e9e bien pr\u00e9cise\u00a0: \u00e9crire un album entier pour la Qu\u00e9b\u00e9coise. Mais du c\u00f4t\u00e9 du couple, la prudence \u00e9tait de mise. Eux, pr\u00e9f\u00e9raient d\u2019abord entendre quelques chansons. Finalement, Jean-Jacques Goldman emporte la d\u00e9cision. En 1994, il invite C\u00e9line Dion \u00e0 chanter avec lui pour les Enfoir\u00e9s. Quelques mois plus tard, ils se lancent dans l\u2019aventure qui deviendra D\u2019eux. Une exp\u00e9rience inoubliable pour<a href=\"https:\/\/www.parismatch.com\/people\/entouree-de-ses-fils-celine-dion-rend-hommage-rene-9-ans-apres-sa-mort-245924\" rel=\"nofollow noopener\" target=\"_blank\"> la m\u00e8re de trois gar\u00e7ons<\/a>\u00a0: \u00ab\u00a0J\u2019ai d\u00e9couvert des chansons extraordinaires. Et en plus, un ami.\u00a0\u00bb<\/p>\n","protected":false},"excerpt":{"rendered":"Duo incontournable de la chanson fran\u00e7aise, C\u00e9line Dion et Jean-Jacques Goldman ont marqu\u00e9 les esprits avec leur album&hellip;\n","protected":false},"author":2,"featured_media":364333,"comment_status":"","ping_status":"","sticky":false,"template":"","format":"standard","meta":{"footnotes":""},"categories":[1355],"tags":[58,59,1011,27,1361,873],"class_list":{"0":"post-364332","1":"post","2":"type-post","3":"status-publish","4":"format-standard","5":"has-post-thumbnail","7":"category-musique","8":"tag-divertissement","9":"tag-entertainment","10":"tag-fr","11":"tag-france","12":"tag-music","13":"tag-musique"},"share_on_mastodon":{"url":"https:\/\/pubeurope.com\/@fr\/115142850395568412","error":""},"_links":{"self":[{"href":"https:\/\/www.europesays.com\/fr\/wp-json\/wp\/v2\/posts\/364332","targetHints":{"allow":["GET"]}}],"collection":[{"href":"https:\/\/www.europesays.com\/fr\/wp-json\/wp\/v2\/posts"}],"about":[{"href":"https:\/\/www.europesays.com\/fr\/wp-json\/wp\/v2\/types\/post"}],"author":[{"embeddable":true,"href":"https:\/\/www.europesays.com\/fr\/wp-json\/wp\/v2\/users\/2"}],"replies":[{"embeddable":true,"href":"https:\/\/www.europesays.com\/fr\/wp-json\/wp\/v2\/comments?post=364332"}],"version-history":[{"count":0,"href":"https:\/\/www.europesays.com\/fr\/wp-json\/wp\/v2\/posts\/364332\/revisions"}],"wp:featuredmedia":[{"embeddable":true,"href":"https:\/\/www.europesays.com\/fr\/wp-json\/wp\/v2\/media\/364333"}],"wp:attachment":[{"href":"https:\/\/www.europesays.com\/fr\/wp-json\/wp\/v2\/media?parent=364332"}],"wp:term":[{"taxonomy":"category","embeddable":true,"href":"https:\/\/www.europesays.com\/fr\/wp-json\/wp\/v2\/categories?post=364332"},{"taxonomy":"post_tag","embeddable":true,"href":"https:\/\/www.europesays.com\/fr\/wp-json\/wp\/v2\/tags?post=364332"}],"curies":[{"name":"wp","href":"https:\/\/api.w.org\/{rel}","templated":true}]}}