{"id":364340,"date":"2025-09-03T23:03:11","date_gmt":"2025-09-03T23:03:11","guid":{"rendered":"https:\/\/www.europesays.com\/fr\/364340\/"},"modified":"2025-09-03T23:03:11","modified_gmt":"2025-09-03T23:03:11","slug":"laurent-mauvignier-remporte-le-prix-litteraire-le-monde-2025-pour-la-maison-vide","status":"publish","type":"post","link":"https:\/\/www.europesays.com\/fr\/364340\/","title":{"rendered":"Laurent Mauvignier remporte le Prix litt\u00e9raire \u00ab\u00a0Le\u00a0Monde\u00a0\u00bb 2025 pour \u00ab\u00a0La\u00a0Maison vide\u00a0\u00bb"},"content":{"rendered":"<p>                         <img loading=\"lazy\" decoding=\"async\" src=\"https:\/\/www.europesays.com\/fr\/wp-content\/uploads\/2025\/09\/fdd274f_upload-1-9mml3vvtrkmm-dsf9825-copie-1.JPG\" alt=\"L\u2019\u00e9crivain Laurent Mauvignier, au campus des Cordeliers, \u00e0 Paris, le 3 septembre 2025.\"   width=\"664\" height=\"443\"\/>    L\u2019\u00e9crivain Laurent Mauvignier, au campus des Cordeliers, \u00e0 Paris, le 3 septembre 2025.  BRUNO L\u00c9VY POUR \u00ab LE MONDE \u00bb                 <\/p>\n<p class=\"article__paragraph  \">Le treizi\u00e8me Prix litt\u00e9raire Le\u00a0Monde a \u00e9t\u00e9 remis, mercredi 3\u00a0septembre, \u00e0 Laurent Mauvignier pour La\u00a0Maison vide (Minuit). Histoire d\u2019une famille, de ses silences et de ses hontes, sur quatre g\u00e9n\u00e9rations, ce livre est le dixi\u00e8me roman d\u2019un des \u00e9crivains fran\u00e7ais les plus importants de sa g\u00e9n\u00e9ration, au sommet de son art.<\/p>\n<p class=\"article__paragraph  \">Pr\u00e9sid\u00e9 par J\u00e9r\u00f4me Fenoglio, directeur du Monde, le jury est compos\u00e9 de journalistes travaillant au \u00ab\u00a0Monde des livres\u00a0\u00bb (Jean Birnbaum, Amaury Da\u00a0Cunha, Florent Georgesco, Lanwenn Huon, Rapha\u00eblle Leyris et Nicolas Weill) et aux quatre \u00ab\u00a0coins\u00a0\u00bb du Monde\u00a0: Emmanuel Davidenkoff (d\u00e9veloppement \u00e9ditorial), Zineb Dryef (\u00ab\u00a0M\u00a0Le\u00a0magazine du Monde\u00a0\u00bb), Ga\u00eblle Dupont (Plan\u00e8te), Clara Georges (\u00ab\u00a0Intimit\u00e9s\u00a0\u00bb), Rapha\u00eblle R\u00e9rolle (Grands Reporters) et Solenn de\u00a0Royer (Politique). La\u00a0Maison vide succ\u00e8de \u00e0 L\u2019Agrafe, de Maryline Desbiolles (\u00e9d.\u00a0Sabine Wespieser).<\/p>\n<p>   Lire plus tard  <\/p>\n<p>                 Malgr\u00e9 une solide reconnaissance publique et critique, vous n\u2019avez re\u00e7u \u00e0 ce jour aucun des grands prix d\u2019automne, comme le Goncourt ou le Renaudot. Comment envisagez-vous ces prix et leur place dans la vie litt\u00e9raire fran\u00e7aise\u00a0?        <\/p>\n<p class=\"reading-mode-only \"><strong>Il vous reste 88.31% de cet article \u00e0 lire. La suite est r\u00e9serv\u00e9e aux abonn\u00e9s.<\/strong><\/p>\n","protected":false},"excerpt":{"rendered":"L\u2019\u00e9crivain Laurent Mauvignier, au campus des Cordeliers, \u00e0 Paris, le 3 septembre 2025. BRUNO L\u00c9VY POUR \u00ab LE&hellip;\n","protected":false},"author":2,"featured_media":364341,"comment_status":"","ping_status":"","sticky":false,"template":"","format":"standard","meta":{"footnotes":""},"categories":[8],"tags":[58,59,1011,27],"class_list":{"0":"post-364340","1":"post","2":"type-post","3":"status-publish","4":"format-standard","5":"has-post-thumbnail","7":"category-divertissement","8":"tag-divertissement","9":"tag-entertainment","10":"tag-fr","11":"tag-france"},"share_on_mastodon":{"url":"https:\/\/pubeurope.com\/@fr\/115142866025590497","error":""},"_links":{"self":[{"href":"https:\/\/www.europesays.com\/fr\/wp-json\/wp\/v2\/posts\/364340","targetHints":{"allow":["GET"]}}],"collection":[{"href":"https:\/\/www.europesays.com\/fr\/wp-json\/wp\/v2\/posts"}],"about":[{"href":"https:\/\/www.europesays.com\/fr\/wp-json\/wp\/v2\/types\/post"}],"author":[{"embeddable":true,"href":"https:\/\/www.europesays.com\/fr\/wp-json\/wp\/v2\/users\/2"}],"replies":[{"embeddable":true,"href":"https:\/\/www.europesays.com\/fr\/wp-json\/wp\/v2\/comments?post=364340"}],"version-history":[{"count":0,"href":"https:\/\/www.europesays.com\/fr\/wp-json\/wp\/v2\/posts\/364340\/revisions"}],"wp:featuredmedia":[{"embeddable":true,"href":"https:\/\/www.europesays.com\/fr\/wp-json\/wp\/v2\/media\/364341"}],"wp:attachment":[{"href":"https:\/\/www.europesays.com\/fr\/wp-json\/wp\/v2\/media?parent=364340"}],"wp:term":[{"taxonomy":"category","embeddable":true,"href":"https:\/\/www.europesays.com\/fr\/wp-json\/wp\/v2\/categories?post=364340"},{"taxonomy":"post_tag","embeddable":true,"href":"https:\/\/www.europesays.com\/fr\/wp-json\/wp\/v2\/tags?post=364340"}],"curies":[{"name":"wp","href":"https:\/\/api.w.org\/{rel}","templated":true}]}}