{"id":364342,"date":"2025-09-03T23:04:11","date_gmt":"2025-09-03T23:04:11","guid":{"rendered":"https:\/\/www.europesays.com\/fr\/364342\/"},"modified":"2025-09-03T23:04:11","modified_gmt":"2025-09-03T23:04:11","slug":"tout-le-monde-croyait-que-ce-hameau-de-corse-etait-trop-isole-jusqua-ce-que-les-vacanciers-en-fassent-un-passage-oblige","status":"publish","type":"post","link":"https:\/\/www.europesays.com\/fr\/364342\/","title":{"rendered":"Tout le monde croyait que ce hameau de Corse \u00e9tait \u201ctrop isol\u00e9\u201d \u2013 jusqu\u2019\u00e0 ce que les vacanciers en fassent un passage oblig\u00e9"},"content":{"rendered":"<p>Je me souviens encore de la premi\u00e8re fois o\u00f9 j\u2019ai entendu parler de <strong>Girolata en Corse<\/strong>. Mes amis parisiens me regardaient avec des yeux ronds quand je leur ai annonc\u00e9 ma prochaine destination. \u00ab\u00a0Mais enfin, pourquoi vouloir aller dans un endroit si recul\u00e9 ?\u00a0\u00bb me demandaient-ils. Aujourd\u2019hui, je souris en repensant \u00e0 leurs r\u00e9actions, car ce <strong>petit hameau isol\u00e9<\/strong> est devenu l\u2019une de mes d\u00e9couvertes les plus pr\u00e9cieuses.<\/p>\n<p>Girolata, un hameau corse aux allures de bout du monde<\/p>\n<p>Nich\u00e9e dans la r\u00e9serve naturelle de Scandola, <strong>Girolata d\u00e9fie tous les clich\u00e9s<\/strong> sur l\u2019accessibilit\u00e9 touristique. Ce minuscule village de p\u00eacheurs, accessible uniquement par bateau ou \u00e0 pied via un sentier de randonn\u00e9e de deux heures, compte \u00e0 peine une dizaine d\u2019habitants permanents. J\u2019avoue que l\u2019id\u00e9e de m\u2019aventurer dans un lieu si retir\u00e9 du monde m\u2019excitait autant qu\u2019elle m\u2019intimidait.<\/p>\n<p>L\u2019absence de route carrossable fait de Girolata un <strong>v\u00e9ritable sanctuaire pr\u00e9serv\u00e9<\/strong>. Pas de voitures, pas de bruit de moteur, juste le chant des oiseaux marins et le clapotis des vagues contre les rochers rouges. Cette isolation g\u00e9ographique, longtemps consid\u00e9r\u00e9e comme un handicap, s\u2019av\u00e8re aujourd\u2019hui \u00eatre son plus grand atout. Je me suis rapidement rendu compte que cette apparente contrainte cr\u00e9ait une atmosph\u00e8re unique, presque mystique.<\/p>\n<p>Le fort g\u00e9nois du XVIe si\u00e8cle, perch\u00e9 sur son \u00e9peron rocheux, veille sur cette <strong>crique exceptionnelle<\/strong>. Class\u00e9 au patrimoine mondial de l\u2019UNESCO, ce site offre un cadre naturel d\u2019une beaut\u00e9 saisissante. Les falaises de porphyre rouge plongent dans une eau d\u2019un bleu cristallin, cr\u00e9ant un contraste \u00e9blouissant qui ne laisse aucun visiteur indiff\u00e9rent.<\/p>\n<p>La transformation d\u2019un village oubli\u00e9 en destination pris\u00e9e<\/p>\n<p>Au fil des ann\u00e9es, j\u2019ai observ\u00e9 une <strong>m\u00e9tamorphose spectaculaire<\/strong> de Girolata. Ce qui \u00e9tait autrefois per\u00e7u comme un handicap g\u00e9ographique s\u2019est mu\u00e9 en avantage concurrentiel majeur. Les visiteurs, lass\u00e9s du tourisme de masse, recherchent d\u00e9sormais des exp\u00e9riences authentiques et pr\u00e9serv\u00e9es. Girolata r\u00e9pond parfaitement \u00e0 cette nouvelle demande.<\/p>\n<p>Voici les \u00e9l\u00e9ments qui ont contribu\u00e9 \u00e0 cette transformation :<\/p>\n<ul>\n<li>L\u2019authenticit\u00e9 pr\u00e9serv\u00e9e du village de p\u00eacheurs<\/li>\n<li>La qualit\u00e9 exceptionnelle de l\u2019environnement naturel<\/li>\n<li>L\u2019exclusivit\u00e9 cr\u00e9\u00e9e par l\u2019acc\u00e8s limit\u00e9<\/li>\n<li>Le bouche-\u00e0-oreille des premiers visiteurs conquis<\/li>\n<li>La mont\u00e9e en puissance des r\u00e9seaux sociaux<\/li>\n<\/ul>\n<p>Les <strong>excursions en bateau depuis Porto<\/strong> se sont multipli\u00e9es, permettant aux touristes de d\u00e9couvrir ce joyau cach\u00e9 sans effort physique particulier. J\u2019ai moi-m\u00eame test\u00e9 plusieurs de ces travers\u00e9es, et je peux vous assurer que l\u2019approche maritime de Girolata constitue un spectacle inoubliable. Les guides locaux, passionn\u00e9s par leur territoire, racontent avec \u00e9motion l\u2019histoire de ce hameau qui a su rena\u00eetre de son isolement.<\/p>\n<p>Les secrets qui font le charme de Girolata aujourd\u2019hui<\/p>\n<p>Aujourd\u2019hui, <strong>Girolata attire des milliers de visiteurs<\/strong> chaque saison, mais conserve miraculeusement son \u00e2me authentique. Le secret r\u00e9side dans sa capacit\u00e9 d\u2019accueil volontairement limit\u00e9e. Seules quelques petites pensions de famille et restaurants proposent leurs services, cr\u00e9ant une atmosph\u00e8re intimiste que j\u2019affectionne particuli\u00e8rement.<\/p>\n<p>Le tableau ci-dessous illustre l\u2019\u00e9volution touristique de Girolata :<\/p>\n<tr>\n<td><strong>P\u00e9riode<\/strong><\/td>\n<td><strong>Nombre de visiteurs annuels<\/strong><\/td>\n<td><strong>Infrastructures<\/strong><\/td>\n<\/tr>\n<tr>\n<td>Avant 2000<\/td>\n<td>Moins de 500<\/td>\n<td>Aucune structure touristique<\/td>\n<\/tr>\n<tr>\n<td>2000-2010<\/td>\n<td>2 000 \u00e0 5 000<\/td>\n<td>2 restaurants familiaux<\/td>\n<\/tr>\n<tr>\n<td>2010-2020<\/td>\n<td>15 000 \u00e0 20 000<\/td>\n<td>3 restaurants, 2 g\u00eetes<\/td>\n<\/tr>\n<tr>\n<td>Depuis 2020<\/td>\n<td>Plus de 25 000<\/td>\n<td>Structures existantes + location saisonni\u00e8re<\/td>\n<\/tr>\n<p>Ce qui me attire le plus, c\u2019est la fa\u00e7on dont <strong>Girolata a su pr\u00e9server son identit\u00e9<\/strong> malgr\u00e9 cette affluence croissante. Les habitants, conscients de la fragilit\u00e9 de leur \u00e9cosyst\u00e8me, ont opt\u00e9 pour un d\u00e9veloppement raisonn\u00e9 et durable. Cette approche respectueuse garantit aux futurs visiteurs de vivre la m\u00eame \u00e9motion que j\u2019ai ressentie lors de ma premi\u00e8re d\u00e9couverte de ce hameau extraordinaire.<\/p>\n<p><img loading=\"lazy\" decoding=\"async\" data-del=\"avatar\" alt=\"cecile\" src=\"data:image\/svg+xml,%3Csvg%20xmlns=\" http:=\"\" class=\"avatar pp-user-avatar avatar-100 photo \" height=\"100\" width=\"100\" data-lazy-src=\"https:\/\/www.europesays.com\/fr\/wp-content\/uploads\/2025\/04\/11-150x150.jpg\"\/><\/p>\n<p>Je suis C\u00e9cile, accro au lifestyle et \u00e0 tout ce qui am\u00e9liore le quotidien. Entre astuces bien-\u00eatre, tendances mode et nouveaut\u00e9s high-tech, je vous propose des articles qui m\u00ealent style, simplicit\u00e9 et efficacit\u00e9. Ici, on parle de tout ce qui vous inspire au quotidien !<\/p>\n","protected":false},"excerpt":{"rendered":"Je me souviens encore de la premi\u00e8re fois o\u00f9 j\u2019ai entendu parler de Girolata en Corse. Mes amis&hellip;\n","protected":false},"author":2,"featured_media":364343,"comment_status":"","ping_status":"","sticky":false,"template":"","format":"standard","meta":{"footnotes":""},"categories":[7],"tags":[1011,27,43,40,41,39,42,44],"class_list":{"0":"post-364342","1":"post","2":"type-post","3":"status-publish","4":"format-standard","5":"has-post-thumbnail","7":"category-sciences-et-technologies","8":"tag-fr","9":"tag-france","10":"tag-science","11":"tag-science-and-technology","12":"tag-sciences","13":"tag-sciences-et-technologies","14":"tag-technologies","15":"tag-technology"},"share_on_mastodon":{"url":"https:\/\/pubeurope.com\/@fr\/115142869937184645","error":""},"_links":{"self":[{"href":"https:\/\/www.europesays.com\/fr\/wp-json\/wp\/v2\/posts\/364342","targetHints":{"allow":["GET"]}}],"collection":[{"href":"https:\/\/www.europesays.com\/fr\/wp-json\/wp\/v2\/posts"}],"about":[{"href":"https:\/\/www.europesays.com\/fr\/wp-json\/wp\/v2\/types\/post"}],"author":[{"embeddable":true,"href":"https:\/\/www.europesays.com\/fr\/wp-json\/wp\/v2\/users\/2"}],"replies":[{"embeddable":true,"href":"https:\/\/www.europesays.com\/fr\/wp-json\/wp\/v2\/comments?post=364342"}],"version-history":[{"count":0,"href":"https:\/\/www.europesays.com\/fr\/wp-json\/wp\/v2\/posts\/364342\/revisions"}],"wp:featuredmedia":[{"embeddable":true,"href":"https:\/\/www.europesays.com\/fr\/wp-json\/wp\/v2\/media\/364343"}],"wp:attachment":[{"href":"https:\/\/www.europesays.com\/fr\/wp-json\/wp\/v2\/media?parent=364342"}],"wp:term":[{"taxonomy":"category","embeddable":true,"href":"https:\/\/www.europesays.com\/fr\/wp-json\/wp\/v2\/categories?post=364342"},{"taxonomy":"post_tag","embeddable":true,"href":"https:\/\/www.europesays.com\/fr\/wp-json\/wp\/v2\/tags?post=364342"}],"curies":[{"name":"wp","href":"https:\/\/api.w.org\/{rel}","templated":true}]}}