{"id":364344,"date":"2025-09-03T23:05:13","date_gmt":"2025-09-03T23:05:13","guid":{"rendered":"https:\/\/www.europesays.com\/fr\/364344\/"},"modified":"2025-09-03T23:05:13","modified_gmt":"2025-09-03T23:05:13","slug":"face-aux-regressions-graves-de-ladministration-trump-le-gouverneur-de-la-banque-de-france-appelle-a-defendre-lindependance-des-banques-centrales","status":"publish","type":"post","link":"https:\/\/www.europesays.com\/fr\/364344\/","title":{"rendered":"Face aux r\u00e9gressions graves de l&rsquo;administration Trump\u00a0\u00bb, le gouverneur de la Banque de France appelle \u00e0 \u00ab\u00a0d\u00e9fendre l&rsquo;ind\u00e9pendance des banques centrales"},"content":{"rendered":"<p>Le gouverneur de la Banque de France, Fran\u00e7ois Villeroy de Galhau, a appel\u00e9 ce mercredi 3 septembre \u00e0 \u00ab\u00a0d\u00e9fendre l&rsquo;ind\u00e9pendance des banques centrales\u00a0\u00bb, estimant que la remettre en cause est \u00ab\u00a0dangereux pour la d\u00e9mocratie\u00a0\u00bb, alors que le pr\u00e9sident Donald Trump exerce des pressions sur la R\u00e9serve f\u00e9d\u00e9rale am\u00e9ricaine (Fed).<\/p>\n<p>Le gouverneur de la Banque de France, <a href=\"https:\/\/www.bfmtv.com\/economie\/beaucoup-de-nos-voisins-ont-reussi-francois-villeroy-de-galhau-demande-aux-francais-d-etre-lucides-sur-l-etat-des-finances-publiques_AD-202509020695.html\" title=\"&quot;Beaucoup de nos voisins ont r\u00e9ussi&quot;: Fran\u00e7ois Villeroy de Galhau demande aux Fran\u00e7ais d&#039;\u00eatre &quot;lucides&quot; sur l&#039;\u00e9tat des finances publiques\" class=\"internal_link\" rel=\"nofollow noopener\" target=\"_blank\">Fran\u00e7ois Villeroy de Galhau<\/a> hausse le ton. Ce mercredi 3 septembre, il a appel\u00e9 \u00e0 \u00ab\u00a0d\u00e9fendre l&rsquo;ind\u00e9pendance des banques centrales\u00a0\u00bb, estimant que la remettre en cause est \u00ab\u00a0dangereux pour la d\u00e9mocratie\u00a0\u00bb, alors que le pr\u00e9sident Donald Trump exerce des pressions sur la R\u00e9serve f\u00e9d\u00e9rale am\u00e9ricaine (Fed).<\/p>\n<p>\u00ab\u00a0Nous Europ\u00e9ens devons, face aux r\u00e9gressions graves de l&rsquo;administration Trump, d\u00e9fendre l&rsquo;ind\u00e9pendance des banques centrales. Non, celle-ci n&rsquo;est pas une anomalie dans la d\u00e9mocratie: l&rsquo;ind\u00e9pendance a au contraire \u00e9t\u00e9 conf\u00e9r\u00e9e par la d\u00e9mocratie, et c&rsquo;est s&rsquo;y attaquer en contradiction avec la loi am\u00e9ricaine qui est dangereux pour la d\u00e9mocratie\u00a0\u00bb, a-t-il d\u00e9clar\u00e9 lors d&rsquo;un discours en Autriche, \u00e0 Vienne.<\/p>\n<p>\u00ab\u00a0Non, l&rsquo;ind\u00e9pendance n&rsquo;est pas faite pour nous banquiers centraux; elle est au service de tous les citoyens\u00a0\u00bb, a-t-il poursuivi lors de cette allocution prononc\u00e9e en l&rsquo;honneur de Robert Holzmann, gouverneur de la banque centrale autrichienne et membre du Conseil des gouverneurs de la Banque centrale europ\u00e9enne (BCE), dont le mandat s&rsquo;est achev\u00e9 fin ao\u00fbt.<\/p>\n<blockquote class=\"embed embed_quote\"><p>\u00ab\u00a0Et non, l&rsquo;ind\u00e9pendance n&rsquo;est pas un obstacle \u00e0 des taux d&rsquo;int\u00e9r\u00eat raisonnablement bas: elle en est au contraire la condition, en permettant de ma\u00eetriser durablement l&rsquo;inflation et d&rsquo;ancrer les anticipations des agents \u00e9conomiques\u00a0\u00bb, a-t-il soulign\u00e9.<\/p><\/blockquote>\n<p>\u00ab\u00a0La victoire contre l&rsquo;inflation est acquise\u00a0\u00bb<\/p>\n<p>Ainsi, a ajout\u00e9 Fran\u00e7ois Villeroy de Galhau, gr\u00e2ce \u00e0 la politique mon\u00e9taire de la BCE, \u00ab\u00a0la victoire contre l&rsquo;inflation est acquise\u00a0\u00bb. <a href=\"https:\/\/www.bfmtv.com\/economie\/international\/trump-tente-une-nouvelle-methode-pour-prendre-le-controle-de-la-fed-sans-licencier-jerome-powell-ce-qui-est-de-mauvais-augure-pour-l-economie-americaine_AV-202509010600.html\" title=\"Trump tente une nouvelle m\u00e9thode pour prendre le contr\u00f4le de la Fed sans licencier Jerome Powell (ce qui est de mauvais augure pour l&#039;\u00e9conomie am\u00e9ricaine)\" class=\"internal_link\" rel=\"nofollow noopener\" target=\"_blank\">Le pr\u00e9sident am\u00e9ricain tente actuellement de r\u00e9voquer la gouverneure de la Fed Lisa Cook<\/a>, accus\u00e9e par le camp pr\u00e9sidentiel d&rsquo;avoir menti pour obtenir des emprunts immobiliers \u00e0 des taux plus favorables. L&rsquo;affaire est devant la justice am\u00e9ricaine.<\/p>\n<p>Le d\u00e9part de Lisa Cook offrirait au pr\u00e9sident Trump la possibilit\u00e9 de nommer \u00e0 la Fed une nouvelle personnalit\u00e9 partageant ses id\u00e9es. Donald Trump s&rsquo;est \u00e9galement attaqu\u00e9 \u00e0 plusieurs reprises ces derniers mois au pr\u00e9sident de la Fed, Jerome Powell, \u00e0 qui il reproche de tarder \u00e0 baisser les taux d&rsquo;int\u00e9r\u00eat am\u00e9ricains.<\/p>\n<p>De son c\u00f4t\u00e9, le gouverneur de la Banque d&rsquo;Angleterre (BoE), Andrew Bailey, s&rsquo;est dit mercredi \u00ab\u00a0tr\u00e8s pr\u00e9occup\u00e9\u00a0\u00bb par les menaces sur l&rsquo;ind\u00e9pendance de la Fed, estimant qu&rsquo;il s&rsquo;agissait d&rsquo;une \u00ab\u00a0situation tr\u00e8s grave\u00a0\u00bb.<\/p>\n<p>Ces commentaires rejoignent <a href=\"https:\/\/www.bfmtv.com\/economie\/international\/christine-lagarde-estime-qu-une-prise-de-controle-de-la-fed-par-trump-serait-un-danger-tres-serieux-pour-l-economie-mondiale_AD-202509010308.html\" title=\"Christine Lagarde estime qu&#039;une prise de contr\u00f4le de la Fed par Trump serait &quot;un danger tr\u00e8s s\u00e9rieux&quot; pour l&#039;\u00e9conomie mondiale\" class=\"internal_link\" rel=\"nofollow noopener\" target=\"_blank\">les inqui\u00e9tudes exprim\u00e9es lundi par la pr\u00e9sidente de la BCE Christine Lagarde<\/a>. Elle avait jug\u00e9 qu&rsquo;une prise de contr\u00f4le de la politique mon\u00e9taire am\u00e9ricaine par Donald Trump serait \u00ab\u00a0un danger tr\u00e8s s\u00e9rieux\u00a0\u00bb pour l&rsquo;\u00e9conomie am\u00e9ricaine et mondiale.<\/p>\n<p>Si la Fed a laiss\u00e9 ses taux inchang\u00e9s en juillet, compris entre 4,25% et 4,50%, le march\u00e9 estime qu&rsquo;elle devrait les baisser \u00e0 l&rsquo;issue de sa prochaine r\u00e9union des 16 et 17 septembre.<\/p>\n","protected":false},"excerpt":{"rendered":"Le gouverneur de la Banque de France, Fran\u00e7ois Villeroy de Galhau, a appel\u00e9 ce mercredi 3 septembre \u00e0&hellip;\n","protected":false},"author":2,"featured_media":364345,"comment_status":"","ping_status":"","sticky":false,"template":"","format":"standard","meta":{"footnotes":""},"categories":[6],"tags":[35,33,34,1011,27],"class_list":{"0":"post-364344","1":"post","2":"type-post","3":"status-publish","4":"format-standard","5":"has-post-thumbnail","7":"category-economie","8":"tag-business","9":"tag-economie","10":"tag-economy","11":"tag-fr","12":"tag-france"},"share_on_mastodon":{"url":"https:\/\/pubeurope.com\/@fr\/115142873813659839","error":""},"_links":{"self":[{"href":"https:\/\/www.europesays.com\/fr\/wp-json\/wp\/v2\/posts\/364344","targetHints":{"allow":["GET"]}}],"collection":[{"href":"https:\/\/www.europesays.com\/fr\/wp-json\/wp\/v2\/posts"}],"about":[{"href":"https:\/\/www.europesays.com\/fr\/wp-json\/wp\/v2\/types\/post"}],"author":[{"embeddable":true,"href":"https:\/\/www.europesays.com\/fr\/wp-json\/wp\/v2\/users\/2"}],"replies":[{"embeddable":true,"href":"https:\/\/www.europesays.com\/fr\/wp-json\/wp\/v2\/comments?post=364344"}],"version-history":[{"count":0,"href":"https:\/\/www.europesays.com\/fr\/wp-json\/wp\/v2\/posts\/364344\/revisions"}],"wp:featuredmedia":[{"embeddable":true,"href":"https:\/\/www.europesays.com\/fr\/wp-json\/wp\/v2\/media\/364345"}],"wp:attachment":[{"href":"https:\/\/www.europesays.com\/fr\/wp-json\/wp\/v2\/media?parent=364344"}],"wp:term":[{"taxonomy":"category","embeddable":true,"href":"https:\/\/www.europesays.com\/fr\/wp-json\/wp\/v2\/categories?post=364344"},{"taxonomy":"post_tag","embeddable":true,"href":"https:\/\/www.europesays.com\/fr\/wp-json\/wp\/v2\/tags?post=364344"}],"curies":[{"name":"wp","href":"https:\/\/api.w.org\/{rel}","templated":true}]}}