{"id":364346,"date":"2025-09-03T23:06:11","date_gmt":"2025-09-03T23:06:11","guid":{"rendered":"https:\/\/www.europesays.com\/fr\/364346\/"},"modified":"2025-09-03T23:06:11","modified_gmt":"2025-09-03T23:06:11","slug":"une-juge-annule-le-gel-de-financements-a-harvard","status":"publish","type":"post","link":"https:\/\/www.europesays.com\/fr\/364346\/","title":{"rendered":"une juge annule le gel de financements \u00e0 Harvard"},"content":{"rendered":"<p>Donald Trump accuse la c\u00e9l\u00e8bre universit\u00e9 de servir de vivier \u00e0 l\u2019id\u00e9ologie \u00abwoke\u00bb et lui a retir\u00e9 en mai dernier un peu plus de 2,6 milliards de dollars en subventions f\u00e9d\u00e9rales, y compris dans le domaine de la sant\u00e9.<\/p>\n<p class=\"fig-paragraph\">C\u2019est un camouflet pour\u00a0<a href=\"https:\/\/www.lefigaro.fr\/tag\/donald-trump\" target=\"_blank\" rel=\"sponsored noopener\" data-gtm-custom-categorie=\"navigation\" data-gtm-custom-action=\"crossclick\" data-gtm-custom-label=\"Contextuel\" data-gtm-event=\"customEventSPE\">Donald Trump<\/a>\u00a0et sa croisade contre les universit\u00e9s d\u2019\u00e9lite. Mercredi 3 septembre, la juge f\u00e9d\u00e9rale Allison Burroughs du tribunal de Boston a d\u00e9clar\u00e9 que l\u2019administration Trump avait viol\u00e9 la loi en gelant environ 2,2 milliards de dollars de subventions destin\u00e9es \u00e0 la recherche \u00e0 l\u2019universit\u00e9 de Harvard. Cette d\u00e9cision intervient apr\u00e8s des mois de bras de fer entre la plus ancienne universit\u00e9 am\u00e9ricaine et la Maison-Blanche d\u00e9cid\u00e9e \u00e0 faire plier les \u00e9tablissements qu\u2019elle accuse d\u2019\u00eatre gangren\u00e9s par l\u2019antis\u00e9mitisme et les id\u00e9ologies d\u2019\u00abextr\u00eame gauche\u00bb.<\/p>\n<p class=\"fig-paragraph\">\u00abLe tribunal annule et \u00e9carte\u00bb les d\u00e9cisions prises en ce sens par l\u2019administration, les estimant constitutifs d\u2019une \u00abviolation du premier amendement\u00bb de la Constitution, a d\u00e9clar\u00e9 la juge f\u00e9d\u00e9rale de Boston dans son ordonnance.<\/p>\n<p>                                    <a class=\"fig-a11y-skip a11y-hidden\" href=\"#fig-a11y-skip-main-inarticle\"><br \/>\n        Passer la publicit\u00e9<br \/>\n    <\/a><\/p>\n<p class=\"fig-paragraph\">La porte-parole de la Maison-Blanche, Liz Huston, n\u2019a pas tard\u00e9 \u00e0 r\u00e9agir. Pr\u00e9sentant Allison Burroughs comme une \u00abjuge activiste nomm\u00e9e par Obama\u00bb, elle soutient que Harvard \u00abn\u2019a pas de droit constitutionnel \u00e0 l\u2019argent des contribuables et reste in\u00e9ligible aux subventions \u00e0 l\u2019avenir\u00bb.<\/p>\n<p>Trump en guerre contre l\u2019id\u00e9ologie \u00abwoke\u00bb<\/p>\n<p class=\"fig-paragraph\">Depuis son retour \u00e0 Maison-Blanche en janvier dernier, Donald Trump accuse la doyenne des universit\u00e9s am\u00e9ricaines de servir de vivier \u00e0 l\u2019id\u00e9ologie \u00abwoke\u00bb, un terme souvent d\u00e9tourn\u00e9 par les conservateurs pour qualifier de mani\u00e8re p\u00e9jorative des id\u00e9es progressistes. Il l\u2019accuse \u00e9galement de ne pas avoir prot\u00e9g\u00e9 suffisamment ses \u00e9tudiants juifs ou isra\u00e9liens lors de manifestations sur le campus pour un cessez-le-feu dans la bande de Gaza.<\/p>\n<p class=\"fig-paragraph\">En repr\u00e9sailles, son gouvernement a retir\u00e9 \u00e0 Harvard un peu plus de 2,6 milliards de dollars en subventions f\u00e9d\u00e9rales, y compris dans le domaine de la sant\u00e9, et a r\u00e9voqu\u00e9 sa certification SEVIS, principal syst\u00e8me par lequel les \u00e9tudiants \u00e9trangers sont autoris\u00e9s \u00e0 \u00e9tudier aux \u00c9tats-Unis.<\/p>\n<p class=\"fig-paragraph\">Saisie d\u2019un recours par l\u2019universit\u00e9, la juge note dans sa d\u00e9cision que \u00abl\u2019antis\u00e9mitisme, comme d\u2019autres formes de discrimination ou de pr\u00e9jug\u00e9, est intol\u00e9rable. Et il est clair, de l\u2019aveu m\u00eame de Harvard, que l\u2019universit\u00e9 a \u00e9t\u00e9 en proie \u00e0 l\u2019antis\u00e9mitisme ces derni\u00e8res ann\u00e9es et aurait pu (et d\u00fb) mieux traiter ce probl\u00e8me\u00bb. Mais en \u00abr\u00e9alit\u00e9, il existe peu de lien entre les domaines de recherches affect\u00e9s par les gels de subventions et l\u2019antis\u00e9mitisme\u00bb, poursuit le texte. Elle accuse l\u2019administration d\u2019avoir \u00abutilis\u00e9 l\u2019antis\u00e9mitisme comme \u00e9cran de fum\u00e9e pour mener une attaque cibl\u00e9e et id\u00e9ologiquement motiv\u00e9e contre les universit\u00e9s les plus prestigieuses du pays\u00bb.<\/p>\n","protected":false},"excerpt":{"rendered":"Donald Trump accuse la c\u00e9l\u00e8bre universit\u00e9 de servir de vivier \u00e0 l\u2019id\u00e9ologie \u00abwoke\u00bb et lui a retir\u00e9 en&hellip;\n","protected":false},"author":2,"featured_media":364347,"comment_status":"","ping_status":"","sticky":false,"template":"","format":"standard","meta":{"footnotes":""},"categories":[5],"tags":[11,75,1011,27,666,14,12,28],"class_list":{"0":"post-364346","1":"post","2":"type-post","3":"status-publish","4":"format-standard","5":"has-post-thumbnail","7":"category-international","8":"tag-actualites","9":"tag-donald-trump","10":"tag-fr","11":"tag-france","12":"tag-harvard","13":"tag-international","14":"tag-news","15":"tag-world"},"share_on_mastodon":{"url":"https:\/\/pubeurope.com\/@fr\/115142877770696661","error":""},"_links":{"self":[{"href":"https:\/\/www.europesays.com\/fr\/wp-json\/wp\/v2\/posts\/364346","targetHints":{"allow":["GET"]}}],"collection":[{"href":"https:\/\/www.europesays.com\/fr\/wp-json\/wp\/v2\/posts"}],"about":[{"href":"https:\/\/www.europesays.com\/fr\/wp-json\/wp\/v2\/types\/post"}],"author":[{"embeddable":true,"href":"https:\/\/www.europesays.com\/fr\/wp-json\/wp\/v2\/users\/2"}],"replies":[{"embeddable":true,"href":"https:\/\/www.europesays.com\/fr\/wp-json\/wp\/v2\/comments?post=364346"}],"version-history":[{"count":0,"href":"https:\/\/www.europesays.com\/fr\/wp-json\/wp\/v2\/posts\/364346\/revisions"}],"wp:featuredmedia":[{"embeddable":true,"href":"https:\/\/www.europesays.com\/fr\/wp-json\/wp\/v2\/media\/364347"}],"wp:attachment":[{"href":"https:\/\/www.europesays.com\/fr\/wp-json\/wp\/v2\/media?parent=364346"}],"wp:term":[{"taxonomy":"category","embeddable":true,"href":"https:\/\/www.europesays.com\/fr\/wp-json\/wp\/v2\/categories?post=364346"},{"taxonomy":"post_tag","embeddable":true,"href":"https:\/\/www.europesays.com\/fr\/wp-json\/wp\/v2\/tags?post=364346"}],"curies":[{"name":"wp","href":"https:\/\/api.w.org\/{rel}","templated":true}]}}