{"id":364348,"date":"2025-09-03T23:07:10","date_gmt":"2025-09-03T23:07:10","guid":{"rendered":"https:\/\/www.europesays.com\/fr\/364348\/"},"modified":"2025-09-03T23:07:10","modified_gmt":"2025-09-03T23:07:10","slug":"tunis-denonce-un-meurtre-injustifie","status":"publish","type":"post","link":"https:\/\/www.europesays.com\/fr\/364348\/","title":{"rendered":"Tunis d\u00e9nonce un \u00abmeurtre injustifi\u00e9\u00bb"},"content":{"rendered":"<p>Le minist\u00e8re tunisien des Affaires \u00e9trang\u00e8res a r\u00e9clam\u00e9 une enqu\u00eate apr\u00e8s la mort d\u2019un de ses ressortissants, abattu par les policiers fran\u00e7ais apr\u00e8s avoir bless\u00e9 cinq personnes lors d\u2019une attaque au couteau.<\/p>\n<p class=\"fig-paragraph\">La Tunisie a qualifi\u00e9 mercredi soir de \u00abmeurtre injustifi\u00e9\u00bb la mort d\u2019un de ses ressortissants,\u00a0<a href=\"http:\/\/www.lefigaro.fr\/marseille\/marseille-un-homme-tue-par-des-tirs-policiers-apres-avoir-blesse-plusieurs-personnes-au-couteau-dans-un-hotel-20250902\" target=\"_blank\" data-fig-type=\"NewsFlash\" rel=\"noopener nofollow\" data-gtm-custom-categorie=\"navigation\" data-gtm-custom-action=\"crossclick\" data-gtm-custom-label=\"Contextuel\" data-gtm-event=\"customEventSPE\" data-fig-domain=\"LEFIGARO\">abattu la veille \u00e0 Marseille<\/a>\u00a0par la police fran\u00e7aise apr\u00e8s une attaque au couteau, et r\u00e9clam\u00e9 une enqu\u00eate rapide \u00e0 la France. Le minist\u00e8re tunisien des Affaires \u00e9trang\u00e8res a \u00e9galement annonc\u00e9 dans un communiqu\u00e9 avoir convoqu\u00e9 le charg\u00e9 d\u2019affaires par int\u00e9rim de l\u2019ambassade de France \u00e0 Tunis pour lui faire part de sa \u00abvive protestation\u00bb.<\/p>\n<p class=\"fig-paragraph\">Le minist\u00e8re a pr\u00e9cis\u00e9 avoir demand\u00e9 au charg\u00e9 d\u2019affaires fran\u00e7ais \u00abde transmettre aux autorit\u00e9s de son pays le fait que la Tunisie consid\u00e8re cet incident comme un meurtre injustifi\u00e9, et attend de la partie fran\u00e7aise toute la rigueur et la c\u00e9l\u00e9rit\u00e9 n\u00e9cessaires dans l\u2019enqu\u00eate\u00bb. Il a \u00e9galement indiqu\u00e9 que la Tunisie entendait \u00abprendre toutes les mesures pour pr\u00e9server les droits du d\u00e9funt et ceux de sa famille\u00bb.<\/p>\n<p>                                    <a class=\"fig-a11y-skip a11y-hidden\" href=\"#fig-a11y-skip-main-inarticle\"><br \/>\n        Passer la publicit\u00e9<br \/>\n    <\/a><\/p>\n<p>\u00abViolence et probl\u00e8mes d\u2019addiction\u00bb<\/p>\n<p class=\"fig-paragraph\">Le Tunisien, identifi\u00e9 comme\u00a0<a href=\"http:\/\/www.lefigaro.fr\/faits-divers\/en-mai-l-homme-abattu-a-marseille-abdelkader-d-avait-ete-condamne-pour-avoir-poignarde-son-cousin-20250903\" target=\"_blank\" data-fig-type=\"NewsFlash\" rel=\"noopener nofollow\" data-gtm-custom-categorie=\"navigation\" data-gtm-custom-action=\"crossclick\" data-gtm-custom-label=\"Contextuel\" data-gtm-event=\"customEventSPE\" data-fig-domain=\"LEFIGARO\">Abdelkader D.<\/a>, 35 ans, \u00e9tait en situation r\u00e9guli\u00e8re en France et \u00e9tait connu pour \u00absa violence et ses probl\u00e8mes d\u2019addiction \u00e0 la fois \u00e0 la coca\u00efne et \u00e0 l\u2019alcool\u00bb, a pr\u00e9cis\u00e9 le procureur. Il avait notamment \u00e9t\u00e9 condamn\u00e9 \u00e0 La Rochelle (ouest) pour des violences avec arme commises en 2023 sur un neveu.<\/p>\n<p class=\"fig-body-link\">\n            \u00c0 lire aussi<br \/>\n        <a class=\"fig-body-link__link fig-premium-mark\" href=\"http:\/\/www.lefigaro.fr\/faits-divers\/j-avais-peur-qu-il-me-tue-le-terrible-temoignage-de-l-ex-femme-du-tunisien-abattu-a-marseille-20250903\" target=\"_blank\" data-fig-type=\"NewsFlash\" rel=\"noopener nofollow\" data-gtm-custom-categorie=\"navigation\" data-gtm-custom-action=\"crossclick\" data-gtm-custom-label=\"Contextuel\" data-gtm-event=\"customEventSPE\" data-fig-domain=\"LEFIGARO\">\u00abJ\u2019avais peur qu\u2019il me tue\u00bb\u00a0: le terrible t\u00e9moignage de l\u2019ex-femme du Tunisien abattu \u00e0 Marseille<br \/>\n    <\/a>\n<\/p>\n<p class=\"fig-paragraph\">Selon les premiers \u00e9l\u00e9ments rapport\u00e9s par le procureur, le \u00abp\u00e9riple criminel\u00bb d\u2019Abdelkader Dibi mardi a commenc\u00e9 apr\u00e8s son expulsion d\u2019un h\u00f4tel pour d\u00e9faut de paiement. D\u2019apr\u00e8s les autorit\u00e9s fran\u00e7aises, il a poignard\u00e9 plusieurs personnes avant d\u2019entamer une errance mena\u00e7ante dans les rues, qui l\u2019a men\u00e9 \u00e0 quelques centaines de m\u00e8tres de l\u2019embl\u00e9matique Vieux Port, arm\u00e9 de deux couteaux et d\u2019une barre de fer. D\u2019apr\u00e8s le procureur de Marseille, il \u00abn\u2019apparaissait pas radicalis\u00e9 mais souffrant de troubles psychiatriques\u00bb.<\/p>\n<p class=\"fig-paragraph\">C\u2019est avec ces armes, selon la m\u00eame source, qu\u2019il a menac\u00e9 une patrouille de policiers en civil qui, alert\u00e9s par \u00abla rumeur publique\u00bb, l\u2019ont mis en joue. L\u2019homme les mena\u00e7ant, les fonctionnaires ont ouvert le feu \u00e0 six reprises alors qu\u2019il faisait des mouvements vers eux. Touch\u00e9 de cinq balles, Abdelkader Dibi n\u2019a pas pu \u00eatre ranim\u00e9 et est d\u00e9c\u00e9d\u00e9 sur place.<\/p>\n","protected":false},"excerpt":{"rendered":"Le minist\u00e8re tunisien des Affaires \u00e9trang\u00e8res a r\u00e9clam\u00e9 une enqu\u00eate apr\u00e8s la mort d\u2019un de ses ressortissants, abattu&hellip;\n","protected":false},"author":2,"featured_media":364349,"comment_status":"","ping_status":"","sticky":false,"template":"","format":"standard","meta":{"footnotes":""},"categories":[4],"tags":[11,1011,27,884,12,25,2028],"class_list":{"0":"post-364348","1":"post","2":"type-post","3":"status-publish","4":"format-standard","5":"has-post-thumbnail","7":"category-france","8":"tag-actualites","9":"tag-fr","10":"tag-france","11":"tag-marseille","12":"tag-news","13":"tag-republique-francaise","14":"tag-tunisie"},"share_on_mastodon":{"url":"https:\/\/pubeurope.com\/@fr\/115142881696497891","error":""},"_links":{"self":[{"href":"https:\/\/www.europesays.com\/fr\/wp-json\/wp\/v2\/posts\/364348","targetHints":{"allow":["GET"]}}],"collection":[{"href":"https:\/\/www.europesays.com\/fr\/wp-json\/wp\/v2\/posts"}],"about":[{"href":"https:\/\/www.europesays.com\/fr\/wp-json\/wp\/v2\/types\/post"}],"author":[{"embeddable":true,"href":"https:\/\/www.europesays.com\/fr\/wp-json\/wp\/v2\/users\/2"}],"replies":[{"embeddable":true,"href":"https:\/\/www.europesays.com\/fr\/wp-json\/wp\/v2\/comments?post=364348"}],"version-history":[{"count":0,"href":"https:\/\/www.europesays.com\/fr\/wp-json\/wp\/v2\/posts\/364348\/revisions"}],"wp:featuredmedia":[{"embeddable":true,"href":"https:\/\/www.europesays.com\/fr\/wp-json\/wp\/v2\/media\/364349"}],"wp:attachment":[{"href":"https:\/\/www.europesays.com\/fr\/wp-json\/wp\/v2\/media?parent=364348"}],"wp:term":[{"taxonomy":"category","embeddable":true,"href":"https:\/\/www.europesays.com\/fr\/wp-json\/wp\/v2\/categories?post=364348"},{"taxonomy":"post_tag","embeddable":true,"href":"https:\/\/www.europesays.com\/fr\/wp-json\/wp\/v2\/tags?post=364348"}],"curies":[{"name":"wp","href":"https:\/\/api.w.org\/{rel}","templated":true}]}}