{"id":364352,"date":"2025-09-03T23:09:10","date_gmt":"2025-09-03T23:09:10","guid":{"rendered":"https:\/\/www.europesays.com\/fr\/364352\/"},"modified":"2025-09-03T23:09:10","modified_gmt":"2025-09-03T23:09:10","slug":"les-jeunes-du-clj-de-montreynaud-nettoient-les-bords-de-loire","status":"publish","type":"post","link":"https:\/\/www.europesays.com\/fr\/364352\/","title":{"rendered":"Les jeunes du CLJ de Montreynaud nettoient les bords de Loire"},"content":{"rendered":"<p>Chaque ann\u00e9e, \u00e0 la rentr\u00e9e, les enfants du Centre de Loisirs Jeunesse (CLJ) de la Police Nationale de Montreynaud troquent leurs activit\u00e9s estivales contre des gants et des sacs-poubelles. Le premier mercredi de septembre, ils partent en mission : nettoyer les bords de Loire, un geste citoyen qui dure depuis plus de 20 ans. Accompagn\u00e9s de gardiens de la paix, ces jeunes ramassent plastiques, polystyr\u00e8ne et autres d\u00e9chets abandonn\u00e9s, rappelant que la protection de l\u2019environnement commence d\u00e8s l\u2019enfance.<\/p>\n<p>Direction la presqu\u2019\u00eele du Ch\u00e2telet, un lieu pris\u00e9 l\u2019\u00e9t\u00e9 pour les pique-niques, les balades en cano\u00eb et les pauses d\u00e9tente. \u00ab\u00a0On vient ici parce qu\u2019il y a beaucoup de passage\u00a0\u00bb,\u00a0explique Tangui Mealonier, moniteur de voile \u00e0 la base nautique de Saint-Victor-sur-Loire,\u00a0\u00ab\u00a0Les gens s\u2019y posent, le vent pousse les d\u00e9chets sur les bords\u2026 C\u2019est un endroit o\u00f9 \u00e7a s\u2019accumule.\u00a0\u00bb<\/p>\n<p>Gants enfil\u00e9s et sacs \u00e0 la main, les enfants partent pour deux heures de ramassage. \u00ab\u00a0Le but, c\u2019est de faire des bin\u00f4mes et de r\u00e9cup\u00e9rer tout ce qui ne se d\u00e9grade pas naturellement : plastiques, ferraille\u2026\u00a0\u00bb, d\u00e9taille Paul Deloy, directeur du CLJ. Les ann\u00e9es pr\u00e9c\u00e9dentes, les r\u00e9coltes oscillaient entre 50 et 100 kg de d\u00e9chets.<\/p>\n<p><strong>Des d\u00e9couvertes qui interpellent<\/strong><\/p>\n<p>En s\u2019approchant de l\u2019eau, les jeunes font des constats surprenants : \u00ab\u00a0Il y a des gens qui viennent faire des feux de camp le soir, des cigarettes, des jouets\u2026 Ils jettent tout n\u2019importe o\u00f9, alors qu\u2019on se baigne ici !\u00a0\u00bb, s\u2019indigne Ilyes, 12 ans. \u00ab\u00a0C\u2019est d\u00e9solant, ajoute Mohamed,\u00a0\u00ab\u00a0Il faudrait \u00e9duquer les gens\u2026\u00a0\u00bb<\/p>\n<p><strong>Une tradition qui porte des valeurs<\/strong><\/p>\n<p>Depuis sa cr\u00e9ation il y a plus de 20 ans, cette action incarne les valeurs du CLJ : citoyennet\u00e9, respect de l\u2019autre et de la nature. \u00ab\u00a0Elle permet aux jeunes de comprendre que la nature est fragile et qu\u2019\u00e0 leur \u00e9chelle, ils peuvent agir pour la pr\u00e9server\u00a0\u00bb, souligne Paul Deloy.<\/p>\n<p>Une derni\u00e8re mission pour ces trois policiers nationaux avant de reprendre leur ann\u00e9e. En 2024-2025, le CLJ de Montreynaud avait accueilli pr\u00e8s de 190 adh\u00e9rents<\/p>\n<\/p>\n<p style=\"text-align: right;\">T.RIVIERE<\/p>\n","protected":false},"excerpt":{"rendered":"Chaque ann\u00e9e, \u00e0 la rentr\u00e9e, les enfants du Centre de Loisirs Jeunesse (CLJ) de la Police Nationale de&hellip;\n","protected":false},"author":2,"featured_media":364353,"comment_status":"","ping_status":"","sticky":false,"template":"","format":"standard","meta":{"footnotes":""},"categories":[9653],"tags":[1111,11,2430,1777,674,1011,27,12,25,4001],"class_list":{"0":"post-364352","1":"post","2":"type-post","3":"status-publish","4":"format-standard","5":"has-post-thumbnail","7":"category-saint-etienne","8":"tag-actu","9":"tag-actualites","10":"tag-auvergne-rhone-alpes","11":"tag-eu","12":"tag-europe","13":"tag-fr","14":"tag-france","15":"tag-news","16":"tag-republique-francaise","17":"tag-saint-etienne"},"share_on_mastodon":{"url":"https:\/\/pubeurope.com\/@fr\/115142889688043304","error":""},"_links":{"self":[{"href":"https:\/\/www.europesays.com\/fr\/wp-json\/wp\/v2\/posts\/364352","targetHints":{"allow":["GET"]}}],"collection":[{"href":"https:\/\/www.europesays.com\/fr\/wp-json\/wp\/v2\/posts"}],"about":[{"href":"https:\/\/www.europesays.com\/fr\/wp-json\/wp\/v2\/types\/post"}],"author":[{"embeddable":true,"href":"https:\/\/www.europesays.com\/fr\/wp-json\/wp\/v2\/users\/2"}],"replies":[{"embeddable":true,"href":"https:\/\/www.europesays.com\/fr\/wp-json\/wp\/v2\/comments?post=364352"}],"version-history":[{"count":0,"href":"https:\/\/www.europesays.com\/fr\/wp-json\/wp\/v2\/posts\/364352\/revisions"}],"wp:featuredmedia":[{"embeddable":true,"href":"https:\/\/www.europesays.com\/fr\/wp-json\/wp\/v2\/media\/364353"}],"wp:attachment":[{"href":"https:\/\/www.europesays.com\/fr\/wp-json\/wp\/v2\/media?parent=364352"}],"wp:term":[{"taxonomy":"category","embeddable":true,"href":"https:\/\/www.europesays.com\/fr\/wp-json\/wp\/v2\/categories?post=364352"},{"taxonomy":"post_tag","embeddable":true,"href":"https:\/\/www.europesays.com\/fr\/wp-json\/wp\/v2\/tags?post=364352"}],"curies":[{"name":"wp","href":"https:\/\/api.w.org\/{rel}","templated":true}]}}