{"id":364354,"date":"2025-09-03T23:10:11","date_gmt":"2025-09-03T23:10:11","guid":{"rendered":"https:\/\/www.europesays.com\/fr\/364354\/"},"modified":"2025-09-03T23:10:11","modified_gmt":"2025-09-03T23:10:11","slug":"asse-un-stephanois-selectionne-avec-la-serbie","status":"publish","type":"post","link":"https:\/\/www.europesays.com\/fr\/364354\/","title":{"rendered":"ASSE : Un st\u00e9phanois s\u00e9lectionn\u00e9 avec la Serbie !"},"content":{"rendered":"<p>Form\u00e9 \u00e0 l\u2019\u00c9toile Rouge de Belgrade, Strahinja Stojkovi\u0107 n\u2019a connu qu\u2019un seul club avant de rejoindre l\u2019ASSE cet \u00e9t\u00e9. Consid\u00e9r\u00e9 comme l\u2019un des grands espoirs serbes, le natif de Belgrade a rapidement suscit\u00e9 l\u2019int\u00e9r\u00eat de Kilmer Sports. \u00ab\u00a0C\u2019est un jeune joueur avec un gros potentiel et un physique impressionnant\u00a0\u00bb,\u00a0<a href=\"https:\/\/www.asse.fr\/fr\/actualites\/strahinja-stojkovic-rejoint-l-as-saint-etienne--ac38983\" target=\"_blank\" rel=\"noreferrer nofollow noopener\">d\u00e9crivait alors Eirik Horneland au moment de sa signature<\/a>.<\/p>\n<p>Lat\u00e9ral droit puissant et athl\u00e9tique, il impressionne par sa capacit\u00e9 \u00e0 r\u00e9p\u00e9ter les courses \u00e0 haute intensit\u00e9, alliant vitesse de pointe et endurance sur tout son couloir. Mais son jeu ne se r\u00e9sume pas \u00e0 ses qualit\u00e9s physiques. Dot\u00e9 d\u2019une premi\u00e8re touche soign\u00e9e et \u00e0 l\u2019aise balle au pied, Stojkovi\u0107 sait porter le ballon, centrer en mouvement et cr\u00e9er des d\u00e9calages.<\/p>\n<p>Une polyvalence qui, combin\u00e9e \u00e0 des qualit\u00e9s d\u00e9fensives encore perfectibles, en fait un profil parfaitement adapt\u00e9 au projet d\u2019Eirik Horneland. \u00ab\u00a0Malgr\u00e9 son jeune \u00e2ge, il a d\u00e9j\u00e0 \u00e9volu\u00e9 avec l&rsquo;\u00e9quipe premi\u00e8re. Il va poursuivre son d\u00e9veloppement avec nous\u00a0\u00bb,\u00a0concluait alors le coach norv\u00e9gien.<\/p>\n<p>D\u00e9j\u00e0 international \u00e0 trois reprises avec la Serbie U19, le <a href=\"https:\/\/onefootball.com\/es\/equipo\/saint-etienne-266\" rel=\"nofollow noopener\" target=\"_blank\">St\u00e9phanois<\/a> fait partie des 24 s\u00e9lectionn\u00e9s par Gordan Petri pour le tournoi \u00ab\u00a0Stevan \u0106ele Viloti\u0107\u00a0\u00bb. Du 4 au 9 septembre, cette comp\u00e9tition servira d\u2019ultime r\u00e9p\u00e9tition avant le premier tour des qualifications \u00e0 l\u2019Euro.<\/p>\n<p>Strahinja Stojkovi\u0107 disputera trois rencontres, face au Mont\u00e9n\u00e9gro, \u00e0 la Hongrie et le Portugal.<\/p>\n","protected":false},"excerpt":{"rendered":"Form\u00e9 \u00e0 l\u2019\u00c9toile Rouge de Belgrade, Strahinja Stojkovi\u0107 n\u2019a connu qu\u2019un seul club avant de rejoindre l\u2019ASSE cet&hellip;\n","protected":false},"author":2,"featured_media":364355,"comment_status":"","ping_status":"","sticky":false,"template":"","format":"standard","meta":{"footnotes":""},"categories":[9653],"tags":[1111,11,2430,1777,674,1011,27,12,25,4001],"class_list":{"0":"post-364354","1":"post","2":"type-post","3":"status-publish","4":"format-standard","5":"has-post-thumbnail","7":"category-saint-etienne","8":"tag-actu","9":"tag-actualites","10":"tag-auvergne-rhone-alpes","11":"tag-eu","12":"tag-europe","13":"tag-fr","14":"tag-france","15":"tag-news","16":"tag-republique-francaise","17":"tag-saint-etienne"},"share_on_mastodon":{"url":"https:\/\/pubeurope.com\/@fr\/115142893443889691","error":""},"_links":{"self":[{"href":"https:\/\/www.europesays.com\/fr\/wp-json\/wp\/v2\/posts\/364354","targetHints":{"allow":["GET"]}}],"collection":[{"href":"https:\/\/www.europesays.com\/fr\/wp-json\/wp\/v2\/posts"}],"about":[{"href":"https:\/\/www.europesays.com\/fr\/wp-json\/wp\/v2\/types\/post"}],"author":[{"embeddable":true,"href":"https:\/\/www.europesays.com\/fr\/wp-json\/wp\/v2\/users\/2"}],"replies":[{"embeddable":true,"href":"https:\/\/www.europesays.com\/fr\/wp-json\/wp\/v2\/comments?post=364354"}],"version-history":[{"count":0,"href":"https:\/\/www.europesays.com\/fr\/wp-json\/wp\/v2\/posts\/364354\/revisions"}],"wp:featuredmedia":[{"embeddable":true,"href":"https:\/\/www.europesays.com\/fr\/wp-json\/wp\/v2\/media\/364355"}],"wp:attachment":[{"href":"https:\/\/www.europesays.com\/fr\/wp-json\/wp\/v2\/media?parent=364354"}],"wp:term":[{"taxonomy":"category","embeddable":true,"href":"https:\/\/www.europesays.com\/fr\/wp-json\/wp\/v2\/categories?post=364354"},{"taxonomy":"post_tag","embeddable":true,"href":"https:\/\/www.europesays.com\/fr\/wp-json\/wp\/v2\/tags?post=364354"}],"curies":[{"name":"wp","href":"https:\/\/api.w.org\/{rel}","templated":true}]}}