{"id":364359,"date":"2025-09-03T23:14:11","date_gmt":"2025-09-03T23:14:11","guid":{"rendered":"https:\/\/www.europesays.com\/fr\/364359\/"},"modified":"2025-09-03T23:14:11","modified_gmt":"2025-09-03T23:14:11","slug":"toulon-meteo-un-temps-globalement-ensoleille-mardi-sur-la-region","status":"publish","type":"post","link":"https:\/\/www.europesays.com\/fr\/364359\/","title":{"rendered":"TOULON : M\u00e9t\u00e9o &#8211; Un temps globalement ensoleill\u00e9 mardi sur la r\u00e9gion"},"content":{"rendered":"<p><strong>Un temps globalement ensoleill\u00e9 ce mardi sur la r\u00e9gion Provence-Alpes-C\u00f4te-d\u2019Azur, m\u00eame si quelques orages restent possibles dans le Vaucluse, pouvant aussi concerner localement la r\u00e9gion marseillaise. <\/strong><\/p>\n<p>Cette d\u00e9gradation passag\u00e8re s\u2019\u00e9vacuera rapidement, laissant place \u00e0 un ciel d\u00e9gag\u00e9 et lumineux. Les temp\u00e9ratures s\u2019\u00e9chelonnent de 12 \u00e0 21\u00b0 en matin\u00e9e.<\/p>\n<p>L\u2019apr\u00e8s-midi, elles atteindront entre 23 et 26\u00b0.<\/p>\n<p>On pr\u00e9voit 25\u00b0 \u00e0\u00a0<strong data-start=\"499\" data-end=\"509\">Toulon<\/strong>,\u00a0<strong data-start=\"511\" data-end=\"525\">la Valette<\/strong>,\u00a0<strong data-start=\"527\" data-end=\"540\">le Pradet<\/strong>,\u00a0<strong>Hy\u00e8res<\/strong>,\u00a0<strong>la Londe<\/strong>\u00a0et\u00a0<strong>Carqueiranne<\/strong>, mais aussi \u00e0\u00a0<strong data-start=\"573\" data-end=\"583\">Bandol<\/strong>,\u00a0<strong data-start=\"585\" data-end=\"601\">le Castellet<\/strong>,\u00a0<strong data-start=\"603\" data-end=\"618\">le Beausset<\/strong>\u00a0et\u00a0<strong data-start=\"622\" data-end=\"635\">Marseille<\/strong>.<\/p>\n<p>Il fera 26\u00b0 \u00e0\u00a0<strong data-start=\"651\" data-end=\"670\">Aix-en-Provence<\/strong>,\u00a0<strong data-start=\"672\" data-end=\"685\">Marignane<\/strong>\u00a0et\u00a0<strong data-start=\"689\" data-end=\"700\">Avignon<\/strong>.<\/p>\n<p>Dans les Alpes du Sud, ambiance plus fra\u00eeche avec 23\u00b0 \u00e0\u00a0<strong data-start=\"758\" data-end=\"767\">M\u00e9zel<\/strong>,\u00a0<strong data-start=\"769\" data-end=\"781\">les M\u00e9es<\/strong>\u00a0et\u00a0<strong data-start=\"785\" data-end=\"797\">Sisteron<\/strong>.<\/p>\n<p><strong>ComLaRadio\u00a0<\/strong><br \/><strong>Thierry CARI<\/strong><br \/><strong>Voix Off<\/strong><br \/><strong>Animateur \/ pr\u00e9sentateur<\/strong><br \/><strong><a href=\"https:\/\/presseagence.fr\/toulon-meteo-un-temps-globalement-ensoleille-mardi-sur-la-region\/mailto:Contact@thierrycari.com\" rel=\"nofollow noopener\" target=\"_blank\">Contact@thierrycari.com<\/a><\/strong><br \/><strong><a href=\"http:\/\/www.thierrycari.com\" rel=\"nofollow noopener\" target=\"_blank\">www.thierrycari.com<\/a><\/strong><\/p>\n","protected":false},"excerpt":{"rendered":"Un temps globalement ensoleill\u00e9 ce mardi sur la r\u00e9gion Provence-Alpes-C\u00f4te-d\u2019Azur, m\u00eame si quelques orages restent possibles dans le&hellip;\n","protected":false},"author":2,"featured_media":268916,"comment_status":"","ping_status":"","sticky":false,"template":"","format":"standard","meta":{"footnotes":""},"categories":[9619],"tags":[1111,11,1777,674,1011,27,12,882,25,2310],"class_list":{"0":"post-364359","1":"post","2":"type-post","3":"status-publish","4":"format-standard","5":"has-post-thumbnail","7":"category-toulon","8":"tag-actu","9":"tag-actualites","10":"tag-eu","11":"tag-europe","12":"tag-fr","13":"tag-france","14":"tag-news","15":"tag-provence-alpes-cote-dazur","16":"tag-republique-francaise","17":"tag-toulon"},"share_on_mastodon":{"url":"https:\/\/pubeurope.com\/@fr\/115142909192795038","error":""},"_links":{"self":[{"href":"https:\/\/www.europesays.com\/fr\/wp-json\/wp\/v2\/posts\/364359","targetHints":{"allow":["GET"]}}],"collection":[{"href":"https:\/\/www.europesays.com\/fr\/wp-json\/wp\/v2\/posts"}],"about":[{"href":"https:\/\/www.europesays.com\/fr\/wp-json\/wp\/v2\/types\/post"}],"author":[{"embeddable":true,"href":"https:\/\/www.europesays.com\/fr\/wp-json\/wp\/v2\/users\/2"}],"replies":[{"embeddable":true,"href":"https:\/\/www.europesays.com\/fr\/wp-json\/wp\/v2\/comments?post=364359"}],"version-history":[{"count":0,"href":"https:\/\/www.europesays.com\/fr\/wp-json\/wp\/v2\/posts\/364359\/revisions"}],"wp:featuredmedia":[{"embeddable":true,"href":"https:\/\/www.europesays.com\/fr\/wp-json\/wp\/v2\/media\/268916"}],"wp:attachment":[{"href":"https:\/\/www.europesays.com\/fr\/wp-json\/wp\/v2\/media?parent=364359"}],"wp:term":[{"taxonomy":"category","embeddable":true,"href":"https:\/\/www.europesays.com\/fr\/wp-json\/wp\/v2\/categories?post=364359"},{"taxonomy":"post_tag","embeddable":true,"href":"https:\/\/www.europesays.com\/fr\/wp-json\/wp\/v2\/tags?post=364359"}],"curies":[{"name":"wp","href":"https:\/\/api.w.org\/{rel}","templated":true}]}}