{"id":364360,"date":"2025-09-03T23:15:26","date_gmt":"2025-09-03T23:15:26","guid":{"rendered":"https:\/\/www.europesays.com\/fr\/364360\/"},"modified":"2025-09-03T23:15:26","modified_gmt":"2025-09-03T23:15:26","slug":"on-ne-joue-pas-avec-lavenir-de-nos-enfants-parents-et-profs-du-college-bazille-en-colere-a-castelnau-le-lez","status":"publish","type":"post","link":"https:\/\/www.europesays.com\/fr\/364360\/","title":{"rendered":"\u201cOn ne joue pas avec l\u2019avenir de nos enfants\u201d : parents et profs du coll\u00e8ge Bazille en col\u00e8re \u00e0 Castelnau-le-Lez \u00a0"},"content":{"rendered":"<p>\u201cD\u00e8s le premier jour, j\u2019ai appris qu\u2019il manquait un professeur de fran\u00e7ais. J\u2019en ai eu la boule au ventre\u201d, t\u00e9moigne Laetitia, dont l\u2019enfant vient de rentrer en 6e. \u00c0 ses c\u00f4t\u00e9s, Roxane Breton, est aussi tr\u00e8s inqui\u00e8te. \u201cL\u2019ann\u00e9e derni\u00e8re, le professeur de fran\u00e7ais de ma fille a \u00e9t\u00e9 absent six mois et remplac\u00e9 de fa\u00e7on sporadique. Donc des acquis ne sont pas valid\u00e9s, des notions n\u2019ont pas \u00e9t\u00e9 vues\u2026 C\u2019est un handicap pour les \u00e9l\u00e8ves et pour la suite de leur scolarit\u00e9. Si on ne dit rien et si on ne se fait pas entendre, ce sont des lacunes qui ne seront pas combl\u00e9es et des manques qui vont s\u2019agrandir\u201d, s\u2019inqui\u00e8te la m\u00e8re de famille, dont la fille vient de rentrer en 4e. \u201cL\u2019objectif, c\u2019est d\u2019alerter et de montrer qu\u2019on est vigilants et qu\u2019on ne joue pas avec l\u2019avenir de nos enfants.\u201d \u00a0<\/p>\n","protected":false},"excerpt":{"rendered":"\u201cD\u00e8s le premier jour, j\u2019ai appris qu\u2019il manquait un professeur de fran\u00e7ais. J\u2019en ai eu la boule au&hellip;\n","protected":false},"author":2,"featured_media":364361,"comment_status":"","ping_status":"","sticky":false,"template":"","format":"standard","meta":{"footnotes":""},"categories":[9599],"tags":[1111,11,1777,674,1011,27,2208,12,2680,25],"class_list":{"0":"post-364360","1":"post","2":"type-post","3":"status-publish","4":"format-standard","5":"has-post-thumbnail","7":"category-montpellier","8":"tag-actu","9":"tag-actualites","10":"tag-eu","11":"tag-europe","12":"tag-fr","13":"tag-france","14":"tag-montpellier","15":"tag-news","16":"tag-occitanie","17":"tag-republique-francaise"},"share_on_mastodon":{"url":"https:\/\/pubeurope.com\/@fr\/115142913146373363","error":""},"_links":{"self":[{"href":"https:\/\/www.europesays.com\/fr\/wp-json\/wp\/v2\/posts\/364360","targetHints":{"allow":["GET"]}}],"collection":[{"href":"https:\/\/www.europesays.com\/fr\/wp-json\/wp\/v2\/posts"}],"about":[{"href":"https:\/\/www.europesays.com\/fr\/wp-json\/wp\/v2\/types\/post"}],"author":[{"embeddable":true,"href":"https:\/\/www.europesays.com\/fr\/wp-json\/wp\/v2\/users\/2"}],"replies":[{"embeddable":true,"href":"https:\/\/www.europesays.com\/fr\/wp-json\/wp\/v2\/comments?post=364360"}],"version-history":[{"count":0,"href":"https:\/\/www.europesays.com\/fr\/wp-json\/wp\/v2\/posts\/364360\/revisions"}],"wp:featuredmedia":[{"embeddable":true,"href":"https:\/\/www.europesays.com\/fr\/wp-json\/wp\/v2\/media\/364361"}],"wp:attachment":[{"href":"https:\/\/www.europesays.com\/fr\/wp-json\/wp\/v2\/media?parent=364360"}],"wp:term":[{"taxonomy":"category","embeddable":true,"href":"https:\/\/www.europesays.com\/fr\/wp-json\/wp\/v2\/categories?post=364360"},{"taxonomy":"post_tag","embeddable":true,"href":"https:\/\/www.europesays.com\/fr\/wp-json\/wp\/v2\/tags?post=364360"}],"curies":[{"name":"wp","href":"https:\/\/api.w.org\/{rel}","templated":true}]}}