{"id":364362,"date":"2025-09-03T23:16:19","date_gmt":"2025-09-03T23:16:19","guid":{"rendered":"https:\/\/www.europesays.com\/fr\/364362\/"},"modified":"2025-09-03T23:16:19","modified_gmt":"2025-09-03T23:16:19","slug":"top-14-mohamed-haouas-pourra-enlever-son-bracelet-electronique-dans-dix-jours","status":"publish","type":"post","link":"https:\/\/www.europesays.com\/fr\/364362\/","title":{"rendered":"Top 14 \u2013 Mohamed Haouas pourra enlever son bracelet \u00e9lectronique dans dix jours"},"content":{"rendered":"<p>\n                Selon les informations de L\u2019\u00c9quipe, le pilier montpelli\u00e9rain Mohamed Haouas pourrait enlever son bracelet \u00e9lectronique d\u00e8s la semaine prochaine. Une d\u00e9cision qui survient apr\u00e8s l\u2019annonce d\u2019une remise de peine de 20 jours sur sa condamnation pour conduite en \u00e9tat d\u2019\u00e9bri\u00e9t\u00e9 en f\u00e9vrier dernier.\n            <\/p>\n<p>Condamn\u00e9 le 27\u00a0f\u00e9vrier dernier \u00e0 six mois de suspension de permis de conduire et\u00a0\u00e0 trois mois de prison ferme am\u00e9nag\u00e9s par la suite avec le port d\u2019un bracelet \u00e9lectronique, Mohamed Haouas pourrait bient\u00f4t enlever ce dernier. Pour rappel, le pilier montpelli\u00e9rain avait \u00e9t\u00e9 arr\u00eat\u00e9 en d\u00e9cembre\u00a02024 pour conduite en \u00e9tat d\u2019\u00e9bri\u00e9t\u00e9. Il avait \u00e9t\u00e9 contr\u00f4l\u00e9 endormi au volant avec 1,8\u00a0g d\u2019alcool par litre de sang, soit 1,3\u00a0g au-dessus de la limite autoris\u00e9e.<\/p>\n<p>\u00c0 sa cheville depuis le 3\u00a0juillet, son bracelet \u00e9lectronique devrait lui \u00eatre retir\u00e9 le 13 ou 14\u00a0septembre prochains, vingt jours plus t\u00f4t que la date pr\u00e9vue initialement. Cela\u00a0ne devrait pas l\u2019emp\u00eacher d\u2019\u00e9voluer en Top 14 avant \u00e7a. Comme pendant sa pr\u00e9saison, <strong><a href=\"https:\/\/www.rugbyrama.fr\/2025\/03\/26\/faits-divers-comment-mohamed-haouas-va-pouvoir-continuer-a-jouer-malgre-son-bracelet-electronique-12595160.php\" target=\"_self\" rel=\"nofollow noopener\">son bracelet \u00e9lectronique lui sera retir\u00e9<\/a><\/strong> par les services p\u00e9nitentiaires avant chaque match. Cependant, l\u2019international fran\u00e7ais n\u2019en a pas fini avec la justice. Son avocat avait fait appel en juin\u00a02023 de sa condamnation \u00e0 dix-huit mois de prison, dont neuf mois ferme, pour \u00ab\u00a0violences aggrav\u00e9es\u00a0\u00bb.<\/p>\n","protected":false},"excerpt":{"rendered":"Selon les informations de L\u2019\u00c9quipe, le pilier montpelli\u00e9rain Mohamed Haouas pourrait enlever son bracelet \u00e9lectronique d\u00e8s la semaine&hellip;\n","protected":false},"author":2,"featured_media":364363,"comment_status":"","ping_status":"","sticky":false,"template":"","format":"standard","meta":{"footnotes":""},"categories":[9599],"tags":[1111,11,1777,674,1011,27,2208,12,2680,25],"class_list":{"0":"post-364362","1":"post","2":"type-post","3":"status-publish","4":"format-standard","5":"has-post-thumbnail","7":"category-montpellier","8":"tag-actu","9":"tag-actualites","10":"tag-eu","11":"tag-europe","12":"tag-fr","13":"tag-france","14":"tag-montpellier","15":"tag-news","16":"tag-occitanie","17":"tag-republique-francaise"},"share_on_mastodon":{"url":"https:\/\/pubeurope.com\/@fr\/115142916995075454","error":""},"_links":{"self":[{"href":"https:\/\/www.europesays.com\/fr\/wp-json\/wp\/v2\/posts\/364362","targetHints":{"allow":["GET"]}}],"collection":[{"href":"https:\/\/www.europesays.com\/fr\/wp-json\/wp\/v2\/posts"}],"about":[{"href":"https:\/\/www.europesays.com\/fr\/wp-json\/wp\/v2\/types\/post"}],"author":[{"embeddable":true,"href":"https:\/\/www.europesays.com\/fr\/wp-json\/wp\/v2\/users\/2"}],"replies":[{"embeddable":true,"href":"https:\/\/www.europesays.com\/fr\/wp-json\/wp\/v2\/comments?post=364362"}],"version-history":[{"count":0,"href":"https:\/\/www.europesays.com\/fr\/wp-json\/wp\/v2\/posts\/364362\/revisions"}],"wp:featuredmedia":[{"embeddable":true,"href":"https:\/\/www.europesays.com\/fr\/wp-json\/wp\/v2\/media\/364363"}],"wp:attachment":[{"href":"https:\/\/www.europesays.com\/fr\/wp-json\/wp\/v2\/media?parent=364362"}],"wp:term":[{"taxonomy":"category","embeddable":true,"href":"https:\/\/www.europesays.com\/fr\/wp-json\/wp\/v2\/categories?post=364362"},{"taxonomy":"post_tag","embeddable":true,"href":"https:\/\/www.europesays.com\/fr\/wp-json\/wp\/v2\/tags?post=364362"}],"curies":[{"name":"wp","href":"https:\/\/api.w.org\/{rel}","templated":true}]}}