{"id":364364,"date":"2025-09-03T23:23:18","date_gmt":"2025-09-03T23:23:18","guid":{"rendered":"https:\/\/www.europesays.com\/fr\/364364\/"},"modified":"2025-09-03T23:23:18","modified_gmt":"2025-09-03T23:23:18","slug":"mobilisation-du-10-septembre-les-premieres-actions-envisagees-en-isere","status":"publish","type":"post","link":"https:\/\/www.europesays.com\/fr\/364364\/","title":{"rendered":"Mobilisation du 10 septembre\u00a0: les premi\u00e8res actions envisag\u00e9es en Is\u00e8re"},"content":{"rendered":"<p>En vue de la mobilisation du 10 septembre, de nombreuses assembl\u00e9es citoyennes ont eu lieu en Is\u00e8re ces derni\u00e8res semaines. Les sympathisants du mouvement \u00ab\u00a0Bloquons tout\u00a0\u00bb distribuent tracts et affiches, les premi\u00e8res actions \u00e0 mener se dessinent. <\/p>\n<p>\u00c0 quoi va ressembler la mobilisation du 10 septembre\u00a0? Sera-t-elle fortement suivie\u00a0? La question reste en suspens pour le moment, mais plusieurs rassemblements et actions sont envisag\u00e9es, notamment \u00e0 Grenoble. Voici un premier tour d&rsquo;horizon.<\/p>\n<p>Des blocages routiers, des points de rendez-vous<\/p>\n<p><strong>\u00c0\u00a0Grenoble<\/strong>, six assembl\u00e9es g\u00e9n\u00e9rales ont eu lieu depuis le 6 ao\u00fbt dernier. La premi\u00e8re a r\u00e9uni une soixantaine de personnes, ils \u00e9taient entre 300 et 400 mardi soir pour dessiner les contours de la mobilisation. Ils \u00e9taient une trentaine la veille dans le parc des Lilattes de Bourgoin-Jallieu.\u00a0\u00c0 Vienne, Voiron ou Saint-Marcellin, des op\u00e9rations de tractage et rendez-vous pour pr\u00e9parer le 10 septembre ont aussi eu lieu.<\/p>\n<p>Dans la capitale des Alpes, une grande <strong>manifestation est pr\u00e9vue \u00e0 partir de 16 heures le 10 septembre<\/strong> (d\u00e9part de la place Victor Hugo). Avec le soutien du syndicat Solidaires, la d\u00e9claration en pr\u00e9fecture de cette manifestation doit se faire ce mercredi selon une source syndicale. Mardi 2 septembre, le bureau de rentr\u00e9e du syndicat a valid\u00e9 le soutien et la participation au mouvement du 10 septembre. Les intentions des participants commencent \u00e0 prendre forme. Ils souhaitent par exemple, d\u00e8s 6h du matin ce 10 septembre, entamer plusieurs actions avec notamment <strong>des blocages routiers \u00e0 quatre endroits strat\u00e9giques<\/strong> de l&rsquo;agglom\u00e9ration\u00a0: Porte de France, rond-point d&rsquo;IKEA, pont de Catane et boulevard Jean-Pain pr\u00e8s du stade des Alpes. Des filtrages dans d&rsquo;autres secteurs, avec distribution de tracts, sont \u00e9galement pr\u00e9vus.\u00a0\u00c0 Grenoble, une nouvelle (et derni\u00e8re avant le 10 ?) AG doit avoir lieu dimanche.<\/p>\n<p><strong>\u00c0 Saint-Quentin-Fallavier<\/strong>, un point de rassemblement a \u00e9t\u00e9 fix\u00e9 \u00e0 9h du matin le 10 septembre prochain pr\u00e8s de la barri\u00e8re de p\u00e9age. \u00c0\u00a0<strong>Vienne<\/strong>, le rendez-vous est fix\u00e9 \u00e0 la m\u00eame heure place Simone Veil (ancien Champ de mars).<\/p>\n<p>Des \u00ab\u00a0pots de d\u00e9part de Bayrou\u00a0\u00bb le 8 septembre<\/p>\n<p>Avant le 10 septembre, un autre rendez-vous s&rsquo;organise sur les r\u00e9seaux sociaux. Le lundi 8 septembre, jour du vote de confiance \u00e0 l&rsquo;Assembl\u00e9e nationale, des \u00ab\u00a0pots de d\u00e9part de Bayrou\u00a0\u00bb sont pr\u00e9vus \u00e0 Grenoble (square du docteur Martin), Bourgoin-Jallieu (19h15 devant la mairie) et Vienne (19 heures devant la mairie).<\/p>\n<p>\u00c0 lire aussi   <img decoding=\"async\" src=\"https:\/\/www.europesays.com\/fr\/wp-content\/uploads\/2025\/09\/1756941798_177_560x315\" alt=\"Une publication Instagram appelant \u00e0 tout bloquer le 10 septembre\" style=\"--_image-preview:url('data:image\/jpeg;base64,\/9j\/2wBDACgcHiMeGSgjISMtKygwPGRBPDc3PHtYXUlkkYCZlo+AjIqgtObDoKrarYqMyP\/L2u71\/\/\/\/m8H\/\/\/\/6\/+b9\/\/j\/2wBDASstLTw1PHZBQXb4pYyl+Pj4+Pj4+Pj4+Pj4+Pj4+Pj4+Pj4+Pj4+Pj4+Pj4+Pj4+Pj4+Pj4+Pj4+Pj4+Pj4+Pj\/wAARCAAXACoDASIAAhEBAxEB\/8QAGAAAAwEBAAAAAAAAAAAAAAAAAAMEAgb\/xAAXEAEBAQEAAAAAAAAAAAAAAAAAAgED\/8QAFgEBAQEAAAAAAAAAAAAAAAAAAgMB\/8QAFhEBAQEAAAAAAAAAAAAAAAAAAAES\/9oADAMBAAIRAxEAPwDE0dNJZo2KSyormjp1LGqI0pBp8tMy0YufzTY0AVFHNTADYNPlsBov\/9k=');\" loading=\"lazy\" fetchpriority=\"low\" aria-hidden=\"true\" class=\"svelte-1pnmlwx rounded\" onload=\"this.__e=event\" onerror=\"this.__e=event\"\/><\/p>\n","protected":false},"excerpt":{"rendered":"En vue de la mobilisation du 10 septembre, de nombreuses assembl\u00e9es citoyennes ont eu lieu en Is\u00e8re ces&hellip;\n","protected":false},"author":2,"featured_media":364365,"comment_status":"","ping_status":"","sticky":false,"template":"","format":"standard","meta":{"footnotes":""},"categories":[9566],"tags":[1111,11,2430,1777,674,1011,27,2731,12,25],"class_list":{"0":"post-364364","1":"post","2":"type-post","3":"status-publish","4":"format-standard","5":"has-post-thumbnail","7":"category-grenoble","8":"tag-actu","9":"tag-actualites","10":"tag-auvergne-rhone-alpes","11":"tag-eu","12":"tag-europe","13":"tag-fr","14":"tag-france","15":"tag-grenoble","16":"tag-news","17":"tag-republique-francaise"},"share_on_mastodon":{"url":"https:\/\/pubeurope.com\/@fr\/115142944944025517","error":""},"_links":{"self":[{"href":"https:\/\/www.europesays.com\/fr\/wp-json\/wp\/v2\/posts\/364364","targetHints":{"allow":["GET"]}}],"collection":[{"href":"https:\/\/www.europesays.com\/fr\/wp-json\/wp\/v2\/posts"}],"about":[{"href":"https:\/\/www.europesays.com\/fr\/wp-json\/wp\/v2\/types\/post"}],"author":[{"embeddable":true,"href":"https:\/\/www.europesays.com\/fr\/wp-json\/wp\/v2\/users\/2"}],"replies":[{"embeddable":true,"href":"https:\/\/www.europesays.com\/fr\/wp-json\/wp\/v2\/comments?post=364364"}],"version-history":[{"count":0,"href":"https:\/\/www.europesays.com\/fr\/wp-json\/wp\/v2\/posts\/364364\/revisions"}],"wp:featuredmedia":[{"embeddable":true,"href":"https:\/\/www.europesays.com\/fr\/wp-json\/wp\/v2\/media\/364365"}],"wp:attachment":[{"href":"https:\/\/www.europesays.com\/fr\/wp-json\/wp\/v2\/media?parent=364364"}],"wp:term":[{"taxonomy":"category","embeddable":true,"href":"https:\/\/www.europesays.com\/fr\/wp-json\/wp\/v2\/categories?post=364364"},{"taxonomy":"post_tag","embeddable":true,"href":"https:\/\/www.europesays.com\/fr\/wp-json\/wp\/v2\/tags?post=364364"}],"curies":[{"name":"wp","href":"https:\/\/api.w.org\/{rel}","templated":true}]}}