{"id":364368,"date":"2025-09-03T23:26:06","date_gmt":"2025-09-03T23:26:06","guid":{"rendered":"https:\/\/www.europesays.com\/fr\/364368\/"},"modified":"2025-09-03T23:26:06","modified_gmt":"2025-09-03T23:26:06","slug":"seko-fofana-elu-joueur-du-mois-daout","status":"publish","type":"post","link":"https:\/\/www.europesays.com\/fr\/364368\/","title":{"rendered":"Seko Fofana \u00e9lu joueur du mois d\u2019ao\u00fbt"},"content":{"rendered":"<p>Seko est en forme, et \u00e7a se voit. Leader physique et technique, Seko Fofana a montr\u00e9 sur le terrain tous les bienfaits d\u2019une pr\u00e9paration d\u2019avant-saison compl\u00e8te. \u00c0 l\u2019issue des trois premiers matchs de championnat, l\u2019international ivoirien a \u00e9t\u00e9 \u00e9lu joueur du mois d\u2019ao\u00fbt par les supporters rennais.<\/p>\n<p>F\u00e9licitations \u00e0 Mathys Richard, tir\u00e9 au sort parmi les 5.000 supporters qui ont jou\u00e9 sur le Match Center, et premier gagnant cette saison d&rsquo;un maillot d\u00e9dicac\u00e9.<\/p>\n","protected":false},"excerpt":{"rendered":"Seko est en forme, et \u00e7a se voit. Leader physique et technique, Seko Fofana a montr\u00e9 sur le&hellip;\n","protected":false},"author":2,"featured_media":364369,"comment_status":"","ping_status":"","sticky":false,"template":"","format":"standard","meta":{"footnotes":""},"categories":[2821],"tags":[1111,11,829,1777,674,1011,27,12,584,25],"class_list":{"0":"post-364368","1":"post","2":"type-post","3":"status-publish","4":"format-standard","5":"has-post-thumbnail","7":"category-rennes","8":"tag-actu","9":"tag-actualites","10":"tag-bretagne","11":"tag-eu","12":"tag-europe","13":"tag-fr","14":"tag-france","15":"tag-news","16":"tag-rennes","17":"tag-republique-francaise"},"share_on_mastodon":{"url":"https:\/\/pubeurope.com\/@fr\/115142956415830941","error":""},"_links":{"self":[{"href":"https:\/\/www.europesays.com\/fr\/wp-json\/wp\/v2\/posts\/364368","targetHints":{"allow":["GET"]}}],"collection":[{"href":"https:\/\/www.europesays.com\/fr\/wp-json\/wp\/v2\/posts"}],"about":[{"href":"https:\/\/www.europesays.com\/fr\/wp-json\/wp\/v2\/types\/post"}],"author":[{"embeddable":true,"href":"https:\/\/www.europesays.com\/fr\/wp-json\/wp\/v2\/users\/2"}],"replies":[{"embeddable":true,"href":"https:\/\/www.europesays.com\/fr\/wp-json\/wp\/v2\/comments?post=364368"}],"version-history":[{"count":0,"href":"https:\/\/www.europesays.com\/fr\/wp-json\/wp\/v2\/posts\/364368\/revisions"}],"wp:featuredmedia":[{"embeddable":true,"href":"https:\/\/www.europesays.com\/fr\/wp-json\/wp\/v2\/media\/364369"}],"wp:attachment":[{"href":"https:\/\/www.europesays.com\/fr\/wp-json\/wp\/v2\/media?parent=364368"}],"wp:term":[{"taxonomy":"category","embeddable":true,"href":"https:\/\/www.europesays.com\/fr\/wp-json\/wp\/v2\/categories?post=364368"},{"taxonomy":"post_tag","embeddable":true,"href":"https:\/\/www.europesays.com\/fr\/wp-json\/wp\/v2\/tags?post=364368"}],"curies":[{"name":"wp","href":"https:\/\/api.w.org\/{rel}","templated":true}]}}