{"id":364370,"date":"2025-09-03T23:27:10","date_gmt":"2025-09-03T23:27:10","guid":{"rendered":"https:\/\/www.europesays.com\/fr\/364370\/"},"modified":"2025-09-03T23:27:10","modified_gmt":"2025-09-03T23:27:10","slug":"previsions-du-jeudi-4-septembre-2025-2","status":"publish","type":"post","link":"https:\/\/www.europesays.com\/fr\/364370\/","title":{"rendered":"pr\u00e9visions du jeudi 4 septembre 2025"},"content":{"rendered":"<p>Le soleil se fera attendre aujourd&rsquo;hui sur Strasbourg, o\u00f9 des nuages sont bien install\u00e9s. Des pluies \u00e9parses tomberont. Les valeurs afficheront entre 15 et 21\u00b0C. Les maximales pourront atteindre 21\u00b0C dans la matin\u00e9e tandis que les minimales seront de 17\u00b0C. Un l\u00e9ger vent de sud-ouest soufflera. Les nuages en pr\u00e9vision l&rsquo;apr\u00e8s-midi, et un ciel encore gris. Les temp\u00e9ratures seront de 18\u00b0C au minimum et de 19\u00b0C au maximum. Toujours de la grisaille le soir. Les nuages vont stationner. Il faudra pr\u00e9voir des perturbations, les Strasbourgeois se retrouveront sous de la pluie. Les valeurs iront de 16 \u00e0 17\u00b0C. Le ciel sera clair dans la nuit de jeudi \u00e0 vendredi.<\/p>\n<p>C&rsquo;est \u00e0 un ciel tapiss\u00e9 de nuages qu&rsquo;il faudra s&rsquo;attendre demain \u00e0 Strasbourg. Il va pleuvoir. Une chute des temp\u00e9ratures est \u00e0 craindre. Il va faire 17\u00b0C en moyenne. Une l\u00e9g\u00e8re brise de sud-ouest sera ressentie par les habitants. Les temp\u00e9ratures s&rsquo;\u00e9chelonneront entre 14\u00b0C et 19\u00b0C dans la matin\u00e9e. Demain apr\u00e8s-midi, des nuages ne voudront pas c\u00e9der leur place au soleil. Les valeurs seront comprises entre 18 et 20\u00b0C. Les temp\u00e9ratures afficheront entre 16 et 17\u00b0C demain soir.<\/p>\n<p>Une am\u00e9lioration est attendue pour les jours \u00e0 venir. Il fera 25\u00b0C en moyenne pour des journ\u00e9es avec un temps ensoleill\u00e9.<\/p>\n<p><\/p>\n","protected":false},"excerpt":{"rendered":"Le soleil se fera attendre aujourd&rsquo;hui sur Strasbourg, o\u00f9 des nuages sont bien install\u00e9s. Des pluies \u00e9parses tomberont.&hellip;\n","protected":false},"author":2,"featured_media":364371,"comment_status":"","ping_status":"","sticky":false,"template":"","format":"standard","meta":{"footnotes":""},"categories":[2820],"tags":[1111,11,2389,2649,1777,674,1011,27,775,12,2119,25,640],"class_list":{"0":"post-364370","1":"post","2":"type-post","3":"status-publish","4":"format-standard","5":"has-post-thumbnail","7":"category-strasbourg","8":"tag-actu","9":"tag-actualites","10":"tag-alsace","11":"tag-bas-rhin","12":"tag-eu","13":"tag-europe","14":"tag-fr","15":"tag-france","16":"tag-grand-est","17":"tag-news","18":"tag-previsions-meteo","19":"tag-republique-francaise","20":"tag-strasbourg"},"share_on_mastodon":{"url":"https:\/\/pubeurope.com\/@fr\/115142960337485783","error":""},"_links":{"self":[{"href":"https:\/\/www.europesays.com\/fr\/wp-json\/wp\/v2\/posts\/364370","targetHints":{"allow":["GET"]}}],"collection":[{"href":"https:\/\/www.europesays.com\/fr\/wp-json\/wp\/v2\/posts"}],"about":[{"href":"https:\/\/www.europesays.com\/fr\/wp-json\/wp\/v2\/types\/post"}],"author":[{"embeddable":true,"href":"https:\/\/www.europesays.com\/fr\/wp-json\/wp\/v2\/users\/2"}],"replies":[{"embeddable":true,"href":"https:\/\/www.europesays.com\/fr\/wp-json\/wp\/v2\/comments?post=364370"}],"version-history":[{"count":0,"href":"https:\/\/www.europesays.com\/fr\/wp-json\/wp\/v2\/posts\/364370\/revisions"}],"wp:featuredmedia":[{"embeddable":true,"href":"https:\/\/www.europesays.com\/fr\/wp-json\/wp\/v2\/media\/364371"}],"wp:attachment":[{"href":"https:\/\/www.europesays.com\/fr\/wp-json\/wp\/v2\/media?parent=364370"}],"wp:term":[{"taxonomy":"category","embeddable":true,"href":"https:\/\/www.europesays.com\/fr\/wp-json\/wp\/v2\/categories?post=364370"},{"taxonomy":"post_tag","embeddable":true,"href":"https:\/\/www.europesays.com\/fr\/wp-json\/wp\/v2\/tags?post=364370"}],"curies":[{"name":"wp","href":"https:\/\/api.w.org\/{rel}","templated":true}]}}