{"id":364372,"date":"2025-09-03T23:28:12","date_gmt":"2025-09-03T23:28:12","guid":{"rendered":"https:\/\/www.europesays.com\/fr\/364372\/"},"modified":"2025-09-03T23:28:12","modified_gmt":"2025-09-03T23:28:12","slug":"handball-lessentiel-est-dans-la-poche-pour-le-strasbourg-ath-vainqueur-de-sambre-avesnois","status":"publish","type":"post","link":"https:\/\/www.europesays.com\/fr\/364372\/","title":{"rendered":"Handball. L\u2019essentiel est dans la poche pour le Strasbourg ATH, vainqueur de Sambre Avesnois"},"content":{"rendered":"<p>Beaucoup de choses ont chang\u00e9 du c\u00f4t\u00e9 des \u201cPiraths\u201d et il va forc\u00e9ment falloir un temps d\u2019adaptation. Dans le sept de d\u00e9part, seules L\u00e9a Fargues, Margaux Imhof et Charl\u00e8ne Guerrier portaient le maillot alsacien la saison derni\u00e8re.<\/p>\n<p>Dalila Abdesselam sur le banc, c\u2019est Elin Karlsson qui commence par mener le jeu.<\/p>\n<p>Face \u00e0 une d\u00e9fense nordiste accrocheuse et solidaire, les actions du SATH manquent de pr\u00e9cision et d\u2019ampleur. Plus tard, Lilou Begon va apporter son peps habituel pour placer les \u201cPiraths\u201d devant (12-10, 22e ), mais ce score est trompeur, car&#8230;<\/p>\n","protected":false},"excerpt":{"rendered":"Beaucoup de choses ont chang\u00e9 du c\u00f4t\u00e9 des \u201cPiraths\u201d et il va forc\u00e9ment falloir un temps d\u2019adaptation. Dans&hellip;\n","protected":false},"author":2,"featured_media":364373,"comment_status":"","ping_status":"","sticky":false,"template":"","format":"standard","meta":{"footnotes":""},"categories":[2820],"tags":[1111,11,2649,2880,1777,674,107,1011,27,775,1792,12,25,7770,517,640,12904,18463],"class_list":{"0":"post-364372","1":"post","2":"type-post","3":"status-publish","4":"format-standard","5":"has-post-thumbnail","7":"category-strasbourg","8":"tag-actu","9":"tag-actualites","10":"tag-bas-rhin","11":"tag-edition-strasbourg","12":"tag-eu","13":"tag-europe","14":"tag-fil-info","15":"tag-fr","16":"tag-france","17":"tag-grand-est","18":"tag-handball","19":"tag-news","20":"tag-republique-francaise","21":"tag-secteur-de-truchtersheim","22":"tag-sport","23":"tag-strasbourg","24":"tag-strasbourg-ath","25":"tag-truchtersheim"},"share_on_mastodon":{"url":"https:\/\/pubeurope.com\/@fr\/115142964264314657","error":""},"_links":{"self":[{"href":"https:\/\/www.europesays.com\/fr\/wp-json\/wp\/v2\/posts\/364372","targetHints":{"allow":["GET"]}}],"collection":[{"href":"https:\/\/www.europesays.com\/fr\/wp-json\/wp\/v2\/posts"}],"about":[{"href":"https:\/\/www.europesays.com\/fr\/wp-json\/wp\/v2\/types\/post"}],"author":[{"embeddable":true,"href":"https:\/\/www.europesays.com\/fr\/wp-json\/wp\/v2\/users\/2"}],"replies":[{"embeddable":true,"href":"https:\/\/www.europesays.com\/fr\/wp-json\/wp\/v2\/comments?post=364372"}],"version-history":[{"count":0,"href":"https:\/\/www.europesays.com\/fr\/wp-json\/wp\/v2\/posts\/364372\/revisions"}],"wp:featuredmedia":[{"embeddable":true,"href":"https:\/\/www.europesays.com\/fr\/wp-json\/wp\/v2\/media\/364373"}],"wp:attachment":[{"href":"https:\/\/www.europesays.com\/fr\/wp-json\/wp\/v2\/media?parent=364372"}],"wp:term":[{"taxonomy":"category","embeddable":true,"href":"https:\/\/www.europesays.com\/fr\/wp-json\/wp\/v2\/categories?post=364372"},{"taxonomy":"post_tag","embeddable":true,"href":"https:\/\/www.europesays.com\/fr\/wp-json\/wp\/v2\/tags?post=364372"}],"curies":[{"name":"wp","href":"https:\/\/api.w.org\/{rel}","templated":true}]}}