{"id":364377,"date":"2025-09-03T23:31:26","date_gmt":"2025-09-03T23:31:26","guid":{"rendered":"https:\/\/www.europesays.com\/fr\/364377\/"},"modified":"2025-09-03T23:31:26","modified_gmt":"2025-09-03T23:31:26","slug":"la-maison-de-linnovation-a-nantes-mele-modernite-et-tradition","status":"publish","type":"post","link":"https:\/\/www.europesays.com\/fr\/364377\/","title":{"rendered":"La Maison de l&rsquo;innovation, \u00e0 Nantes, m\u00eale modernit\u00e9 et tradition"},"content":{"rendered":"<p>Pr\u00e8s de 1.200 salari\u00e9s des services informatiques du groupe La Poste travaillent d\u00e9sormais dans cet \u00e9difice, dont La Poste Immobilier est le ma\u00eetre d&rsquo;ouvrage. Un b\u00e2timent de 15.375 m\u00e8tres carr\u00e9s r\u00e9partis sur six niveaux, baptis\u00e9 La Maison de l&rsquo;innovation, \u00e0 Nantes.\n<\/p>\n<p class=\"para r3\">\u00a0<\/p>\n<p>Une large verri\u00e8re vient illuminer l&rsquo;atrium central, pens\u00e9 comme un espace collaboratif et de rencontre. \u00ab\u00a0L&rsquo;atrium est le c\u0153ur de l&rsquo;\u00e9difice, qui unit les pr\u00e8s de 1.000 personnes qui y travaillent\u00a0\u00bb, souligne Adrien Mervelet, <a title=\"Plus d&#039;infos sur ARCHITECTE sur Batiactu Emploi\" class=\"specialterms emploi-batiactu-com\" href=\"https:\/\/www.batiactu.com\/theme\/theme-architecte.php\" rel=\"nofollow noopener\" target=\"_blank\">architecte<\/a>, qui a suivi le projet pour l&rsquo;agence Baumschlager Eberle Architekten, qui a con\u00e7u l&rsquo;\u00e9difice. <\/p>\n<p class=\"para r3\">\u00a0<\/p>\n<p><b>D\u00e9couvrez la suite de l&rsquo;article dans les pages suivantes.<\/b><\/p>\n","protected":false},"excerpt":{"rendered":"Pr\u00e8s de 1.200 salari\u00e9s des services informatiques du groupe La Poste travaillent d\u00e9sormais dans cet \u00e9difice, dont La&hellip;\n","protected":false},"author":2,"featured_media":364378,"comment_status":"","ping_status":"","sticky":false,"template":"","format":"standard","meta":{"footnotes":""},"categories":[2818],"tags":[1111,11,1777,674,1011,27,766,12,2636,25],"class_list":{"0":"post-364377","1":"post","2":"type-post","3":"status-publish","4":"format-standard","5":"has-post-thumbnail","7":"category-nantes","8":"tag-actu","9":"tag-actualites","10":"tag-eu","11":"tag-europe","12":"tag-fr","13":"tag-france","14":"tag-nantes","15":"tag-news","16":"tag-pays-de-la-loire","17":"tag-republique-francaise"},"share_on_mastodon":{"url":"https:\/\/pubeurope.com\/@fr\/115142976120672326","error":""},"_links":{"self":[{"href":"https:\/\/www.europesays.com\/fr\/wp-json\/wp\/v2\/posts\/364377","targetHints":{"allow":["GET"]}}],"collection":[{"href":"https:\/\/www.europesays.com\/fr\/wp-json\/wp\/v2\/posts"}],"about":[{"href":"https:\/\/www.europesays.com\/fr\/wp-json\/wp\/v2\/types\/post"}],"author":[{"embeddable":true,"href":"https:\/\/www.europesays.com\/fr\/wp-json\/wp\/v2\/users\/2"}],"replies":[{"embeddable":true,"href":"https:\/\/www.europesays.com\/fr\/wp-json\/wp\/v2\/comments?post=364377"}],"version-history":[{"count":0,"href":"https:\/\/www.europesays.com\/fr\/wp-json\/wp\/v2\/posts\/364377\/revisions"}],"wp:featuredmedia":[{"embeddable":true,"href":"https:\/\/www.europesays.com\/fr\/wp-json\/wp\/v2\/media\/364378"}],"wp:attachment":[{"href":"https:\/\/www.europesays.com\/fr\/wp-json\/wp\/v2\/media?parent=364377"}],"wp:term":[{"taxonomy":"category","embeddable":true,"href":"https:\/\/www.europesays.com\/fr\/wp-json\/wp\/v2\/categories?post=364377"},{"taxonomy":"post_tag","embeddable":true,"href":"https:\/\/www.europesays.com\/fr\/wp-json\/wp\/v2\/tags?post=364377"}],"curies":[{"name":"wp","href":"https:\/\/api.w.org\/{rel}","templated":true}]}}