{"id":364379,"date":"2025-09-03T23:32:17","date_gmt":"2025-09-03T23:32:17","guid":{"rendered":"https:\/\/www.europesays.com\/fr\/364379\/"},"modified":"2025-09-03T23:32:17","modified_gmt":"2025-09-03T23:32:17","slug":"le-fc-nantes-affrontera-le-mans-fc-en-amical-durant-la-treve","status":"publish","type":"post","link":"https:\/\/www.europesays.com\/fr\/364379\/","title":{"rendered":"Le FC Nantes affrontera Le Mans FC en amical durant la tr\u00eave"},"content":{"rendered":"<p>Malgr\u00e9 la tr\u00eave internationale, le repos n\u2019est visiblement pas de mise au FC Nantes. Apr\u00e8s qu\u2019ils aient obtenu leur premi\u00e8re victoire de la saison en Ligue 1 samedi dernier contre Auxerre, les joueurs de Luis Castro vont encha\u00eener avec un match ce vendredi 5 septembre. En effet, un match amical est organis\u00e9 entre les Canaris et Le Mans FC afin de garder la forme durant la tr\u00eave.<\/p>\n<p>Luis Castro ne veut s\u00fbrement pas que ses joueurs perdent le rythme apr\u00e8s le premier succ\u00e8s le week-end dernier. Mais il devra faire sans <a href=\"https:\/\/tribunenantaise.fr\/actus-fcnantes\/quel-calendrier-pour-les-sept-internationaux-du-fc-nantes\/\" target=\"_blank\" rel=\"noopener nofollow\">7 de ses joueurs partis en s\u00e9lection<\/a>. Tandis qu\u2019au Mans, le contexte est diff\u00e9rent. L\u2019\u00e9quipe reste sur une d\u00e9faite en championnat, mais va entamer une s\u00e9rie de matches plus simples sur le papier. En effet, sur les 4 premi\u00e8res journ\u00e9es de Ligue 2, les Manceaux ont jou\u00e9 2 rel\u00e9gu\u00e9s (Reims, Montpellier).<\/p>\n<p>Le match ne sera cependant pas accessible au public. En effet, il se jouera \u00e0 la Beaujoire \u00e0 huis clos. Ce n\u2019est pas la premi\u00e8re fois que les deux clubs s\u2019affrontent dans un match amical \u00e0 huis clos lors d\u2019une tr\u00eave. En effet, il y a bient\u00f4t deux ans, les deux clubs avaient fait de m\u00eame. Le FC Nantes \u00e9tait alors sous les ordres de Pierre Aristouy. <a href=\"https:\/\/tribunenantaise.fr\/actus-fcnantes\/le-fc-nantes-bute-contre-le-mans-en-amical-1-1\/\" target=\"_blank\" rel=\"noopener nofollow\">Le match s\u2019\u00e9tait termin\u00e9 sur un triste 1-1<\/a>, mais avait permis au coach nantais de donner du temps de jeu \u00e0 de nombreux joueurs qui \u00e9taient sur la touche.<\/p>\n","protected":false},"excerpt":{"rendered":"Malgr\u00e9 la tr\u00eave internationale, le repos n\u2019est visiblement pas de mise au FC Nantes. Apr\u00e8s qu\u2019ils aient obtenu&hellip;\n","protected":false},"author":2,"featured_media":364380,"comment_status":"","ping_status":"","sticky":false,"template":"","format":"standard","meta":{"footnotes":""},"categories":[2818],"tags":[1111,11,1777,674,1011,27,766,12,2636,25],"class_list":{"0":"post-364379","1":"post","2":"type-post","3":"status-publish","4":"format-standard","5":"has-post-thumbnail","7":"category-nantes","8":"tag-actu","9":"tag-actualites","10":"tag-eu","11":"tag-europe","12":"tag-fr","13":"tag-france","14":"tag-nantes","15":"tag-news","16":"tag-pays-de-la-loire","17":"tag-republique-francaise"},"share_on_mastodon":{"url":"https:\/\/pubeurope.com\/@fr\/115142979995234846","error":""},"_links":{"self":[{"href":"https:\/\/www.europesays.com\/fr\/wp-json\/wp\/v2\/posts\/364379","targetHints":{"allow":["GET"]}}],"collection":[{"href":"https:\/\/www.europesays.com\/fr\/wp-json\/wp\/v2\/posts"}],"about":[{"href":"https:\/\/www.europesays.com\/fr\/wp-json\/wp\/v2\/types\/post"}],"author":[{"embeddable":true,"href":"https:\/\/www.europesays.com\/fr\/wp-json\/wp\/v2\/users\/2"}],"replies":[{"embeddable":true,"href":"https:\/\/www.europesays.com\/fr\/wp-json\/wp\/v2\/comments?post=364379"}],"version-history":[{"count":0,"href":"https:\/\/www.europesays.com\/fr\/wp-json\/wp\/v2\/posts\/364379\/revisions"}],"wp:featuredmedia":[{"embeddable":true,"href":"https:\/\/www.europesays.com\/fr\/wp-json\/wp\/v2\/media\/364380"}],"wp:attachment":[{"href":"https:\/\/www.europesays.com\/fr\/wp-json\/wp\/v2\/media?parent=364379"}],"wp:term":[{"taxonomy":"category","embeddable":true,"href":"https:\/\/www.europesays.com\/fr\/wp-json\/wp\/v2\/categories?post=364379"},{"taxonomy":"post_tag","embeddable":true,"href":"https:\/\/www.europesays.com\/fr\/wp-json\/wp\/v2\/tags?post=364379"}],"curies":[{"name":"wp","href":"https:\/\/api.w.org\/{rel}","templated":true}]}}