{"id":364381,"date":"2025-09-03T23:33:11","date_gmt":"2025-09-03T23:33:11","guid":{"rendered":"https:\/\/www.europesays.com\/fr\/364381\/"},"modified":"2025-09-03T23:33:11","modified_gmt":"2025-09-03T23:33:11","slug":"previsions-du-jeudi-4-septembre-2025-4","status":"publish","type":"post","link":"https:\/\/www.europesays.com\/fr\/364381\/","title":{"rendered":"pr\u00e9visions du jeudi 4 septembre 2025"},"content":{"rendered":"<p>L&rsquo;arriv\u00e9e du soleil aujourd&rsquo;hui \u00e0 Bordeaux sera retard\u00e9e par un certain nombre de nuages. Les maximales iront jusqu&rsquo;\u00e0 22\u00b0C tandis que les minimales seront de 15\u00b0C. De la bruine l\u00e9g\u00e8re va tomber au cours de la matin\u00e9e. Un vent de sud-ouest soufflera doucement. Les nuages dans le ciel de l&rsquo;apr\u00e8s-midi g\u00eanent l&rsquo;apparition du soleil. Des pluies \u00e9parses sont pr\u00e9vues. Les temp\u00e9ratures afficheront entre 19 et 22\u00b0C. Le temps devrait s&rsquo;am\u00e9liorer durant la soir\u00e9e. On pr\u00e9voit des valeurs d&rsquo;environ 16\u00b0C. Entre jeudi et vendredi, la nuit sera claire.<\/p>\n<p>Demain, un important soleil brillera sur Bordeaux. C&rsquo;est une hausse de quelques degr\u00e9s que vont conna\u00eetre les temp\u00e9ratures. Ces valeurs s&rsquo;\u00e9chelonneront entre 13 et 26\u00b0C. Le matin, le mercure affichera 18\u00b0C en moyenne. Un vent de sud-est rafra\u00eechira quelque peu l&rsquo;atmosph\u00e8re. Les temp\u00e9ratures vont enregistrer une augmentation de plusieurs degr\u00e9s dans l&rsquo;apr\u00e8s-midi. Les valeurs s&rsquo;\u00e9chelonneront de 24 \u00e0 26\u00b0C. Les temp\u00e9ratures tourneront autour des 20\u00b0C dans la soir\u00e9e. Un vent de nord-est soufflera l\u00e9g\u00e8rement, avec 12 km\/h.<\/p>\n<p>Les jours se suivent et ne changent pas. Il va faire un temps plut\u00f4t ensoleill\u00e9 avec des temp\u00e9ratures avoisinant 32\u00b0C.<\/p>\n<p><\/p>\n","protected":false},"excerpt":{"rendered":"L&rsquo;arriv\u00e9e du soleil aujourd&rsquo;hui \u00e0 Bordeaux sera retard\u00e9e par un certain nombre de nuages. Les maximales iront jusqu&rsquo;\u00e0&hellip;\n","protected":false},"author":2,"featured_media":364382,"comment_status":"","ping_status":"","sticky":false,"template":"","format":"standard","meta":{"footnotes":""},"categories":[2817],"tags":[1111,11,3177,1997,1777,674,1011,27,2905,12,2219,2119,25],"class_list":{"0":"post-364381","1":"post","2":"type-post","3":"status-publish","4":"format-standard","5":"has-post-thumbnail","7":"category-bordeaux","8":"tag-actu","9":"tag-actualites","10":"tag-aquitaine","11":"tag-bordeaux","12":"tag-eu","13":"tag-europe","14":"tag-fr","15":"tag-france","16":"tag-gironde","17":"tag-news","18":"tag-nouvelle-aquitaine","19":"tag-previsions-meteo","20":"tag-republique-francaise"},"share_on_mastodon":{"url":"https:\/\/pubeurope.com\/@fr\/115142983894155373","error":""},"_links":{"self":[{"href":"https:\/\/www.europesays.com\/fr\/wp-json\/wp\/v2\/posts\/364381","targetHints":{"allow":["GET"]}}],"collection":[{"href":"https:\/\/www.europesays.com\/fr\/wp-json\/wp\/v2\/posts"}],"about":[{"href":"https:\/\/www.europesays.com\/fr\/wp-json\/wp\/v2\/types\/post"}],"author":[{"embeddable":true,"href":"https:\/\/www.europesays.com\/fr\/wp-json\/wp\/v2\/users\/2"}],"replies":[{"embeddable":true,"href":"https:\/\/www.europesays.com\/fr\/wp-json\/wp\/v2\/comments?post=364381"}],"version-history":[{"count":0,"href":"https:\/\/www.europesays.com\/fr\/wp-json\/wp\/v2\/posts\/364381\/revisions"}],"wp:featuredmedia":[{"embeddable":true,"href":"https:\/\/www.europesays.com\/fr\/wp-json\/wp\/v2\/media\/364382"}],"wp:attachment":[{"href":"https:\/\/www.europesays.com\/fr\/wp-json\/wp\/v2\/media?parent=364381"}],"wp:term":[{"taxonomy":"category","embeddable":true,"href":"https:\/\/www.europesays.com\/fr\/wp-json\/wp\/v2\/categories?post=364381"},{"taxonomy":"post_tag","embeddable":true,"href":"https:\/\/www.europesays.com\/fr\/wp-json\/wp\/v2\/tags?post=364381"}],"curies":[{"name":"wp","href":"https:\/\/api.w.org\/{rel}","templated":true}]}}