{"id":364383,"date":"2025-09-03T23:34:17","date_gmt":"2025-09-03T23:34:17","guid":{"rendered":"https:\/\/www.europesays.com\/fr\/364383\/"},"modified":"2025-09-03T23:34:17","modified_gmt":"2025-09-03T23:34:17","slug":"union-bordeaux-begles-ubb-matthieu-jalibert-sera-au-rendez-vous-face-au-stade-rochelais","status":"publish","type":"post","link":"https:\/\/www.europesays.com\/fr\/364383\/","title":{"rendered":"Union Bordeaux-B\u00e8gles (UBB). Matthieu Jalibert sera au rendez-vous face au Stade Rochelais"},"content":{"rendered":"<p>Apr\u00e8s les annonces des forfaits de Maxime Lucu (pouce), Yoram Moefana (luxation de l\u2019\u00e9paule), Romain Buros (mollet) et Arthur Reti\u00e8re (mollet), la pr\u00e9sence du num\u00e9ro\u00a010, v\u00e9ritable ma\u00eetre \u00e0 jouer du club girondin, ne sera pas de trop pour l\u2019UBB, dont les lignes arri\u00e8re se retrouvent affaiblies.<\/p>\n<p>Quelques jours apr\u00e8s la finale perdue face \u00e0 Toulouse (33-39), Matthieu Jalibert avait d\u00fb se r\u00e9soudre \u00e0 une intervention chirurgicale d\u00e9but juillet, des injections au niveau du tendon rotulien plus pr\u00e9cis\u00e9ment. Au d\u00e9part, le joueur pr\u00e9voyait une convalescence de deux mois, son d\u00e9but de saison \u00e9tait alors compromis. Mais la r\u00e9\u00e9ducation du demi d\u2019ouverture s\u2019est tr\u00e8s bien pass\u00e9e. Apr\u00e8s un gros travail de r\u00e9athl\u00e9tisation, il avait pu reprendre l\u2019entra\u00eenement mais avait \u00e9t\u00e9 pr\u00e9serv\u00e9 lors des deux matchs de pr\u00e9paration sur le terrain du SA XV (14-29) et face \u00e0 Montauban (35-28).<\/p>\n<p>Cette semaine, Matthieu Jalibert s\u2019est entra\u00een\u00e9 normalement et a ressenti de bonnes sensations. Le dernier test r\u00e9alis\u00e9 lors de la s\u00e9ance de ce mercredi matin \u00e0 Moga s\u2019est av\u00e9r\u00e9 concluant aux yeux du joueur et du staff. Le num\u00e9ro\u00a010 sera donc bien au rendez-vous pour le premier match. Reste \u00e0 savoir s\u2019il sera titulaire ou s\u2019il prendra place sur le banc pour remplacer Joey Carbery en cours de match.<\/p>\n<p>Trois autres joueurs aptes<\/p>\n<p>Pour ce rendez-vous tr\u00e8s attendu face aux Rochelais, l\u2019UBB pourra \u00e9galement compter sur le retour de Rohan Van Rensburg (30\u00a0ans). Une autre bonne nouvelle tant le centre de l\u2019attaque girondine se retrouve affaiblie suite aux absences de Yoram Moefana et Pablo Uberti (\u00e9paule, indisponible jusqu\u2019\u00e0 octobre). Op\u00e9r\u00e9 des adducteurs cet \u00e9t\u00e9, le puissant num\u00e9ro\u00a012 sud-africain a lui aussi \u00e9t\u00e9 jug\u00e9 apte.<\/p>\n<p>Ayant fait son retour lors du match de pr\u00e9paration \u00e0 Angoul\u00eame apr\u00e8s plus de six mois d\u2019absence en raison d\u2019une op\u00e9ration des cervicales, Carl\u00fc Sadie avait quant \u00e0 lui \u00e9t\u00e9 laiss\u00e9 au repos face \u00e0 Montauban. Le pilier droit sud-africain sera lui aussi au rendez-vous face \u00e0 La\u00a0Rochelle. Une autre bonne nouvelle pour l\u2019UBB en l\u2019absence de Ben Tameifuna, retenu par la s\u00e9lection des Tonga. Pr\u00e9serv\u00e9 ces quinze derniers jours en raison d\u2019une douleur \u00e0 la cheville, Bastien Vergnes postule lui aussi en troisi\u00e8me ligne.<\/p>\n<p>Reste \u00e0 savoir si les trois revenants seront dans le rythme. Mais vu le contexte et l\u2019h\u00e9catombe de bless\u00e9s dans les rangs girondins, tout renfort est bon \u00e0 prendre pour le staff de Yannick Bru en vue du choc de samedi \u00e0 Chaban.<\/p>\n","protected":false},"excerpt":{"rendered":"Apr\u00e8s les annonces des forfaits de Maxime Lucu (pouce), Yoram Moefana (luxation de l\u2019\u00e9paule), Romain Buros (mollet) et&hellip;\n","protected":false},"author":2,"featured_media":364384,"comment_status":"","ping_status":"","sticky":false,"template":"","format":"standard","meta":{"footnotes":""},"categories":[2817],"tags":[1111,11,1997,1777,674,1011,27,12,2219,25],"class_list":{"0":"post-364383","1":"post","2":"type-post","3":"status-publish","4":"format-standard","5":"has-post-thumbnail","7":"category-bordeaux","8":"tag-actu","9":"tag-actualites","10":"tag-bordeaux","11":"tag-eu","12":"tag-europe","13":"tag-fr","14":"tag-france","15":"tag-news","16":"tag-nouvelle-aquitaine","17":"tag-republique-francaise"},"share_on_mastodon":{"url":"https:\/\/pubeurope.com\/@fr\/115142987825059712","error":""},"_links":{"self":[{"href":"https:\/\/www.europesays.com\/fr\/wp-json\/wp\/v2\/posts\/364383","targetHints":{"allow":["GET"]}}],"collection":[{"href":"https:\/\/www.europesays.com\/fr\/wp-json\/wp\/v2\/posts"}],"about":[{"href":"https:\/\/www.europesays.com\/fr\/wp-json\/wp\/v2\/types\/post"}],"author":[{"embeddable":true,"href":"https:\/\/www.europesays.com\/fr\/wp-json\/wp\/v2\/users\/2"}],"replies":[{"embeddable":true,"href":"https:\/\/www.europesays.com\/fr\/wp-json\/wp\/v2\/comments?post=364383"}],"version-history":[{"count":0,"href":"https:\/\/www.europesays.com\/fr\/wp-json\/wp\/v2\/posts\/364383\/revisions"}],"wp:featuredmedia":[{"embeddable":true,"href":"https:\/\/www.europesays.com\/fr\/wp-json\/wp\/v2\/media\/364384"}],"wp:attachment":[{"href":"https:\/\/www.europesays.com\/fr\/wp-json\/wp\/v2\/media?parent=364383"}],"wp:term":[{"taxonomy":"category","embeddable":true,"href":"https:\/\/www.europesays.com\/fr\/wp-json\/wp\/v2\/categories?post=364383"},{"taxonomy":"post_tag","embeddable":true,"href":"https:\/\/www.europesays.com\/fr\/wp-json\/wp\/v2\/tags?post=364383"}],"curies":[{"name":"wp","href":"https:\/\/api.w.org\/{rel}","templated":true}]}}