{"id":364385,"date":"2025-09-03T23:35:10","date_gmt":"2025-09-03T23:35:10","guid":{"rendered":"https:\/\/www.europesays.com\/fr\/364385\/"},"modified":"2025-09-03T23:35:10","modified_gmt":"2025-09-03T23:35:10","slug":"previsions-du-jeudi-4-septembre-2025-5","status":"publish","type":"post","link":"https:\/\/www.europesays.com\/fr\/364385\/","title":{"rendered":"pr\u00e9visions du jeudi 4 septembre 2025"},"content":{"rendered":"<p>Le soleil peinera \u00e0 percer au milieu des nuages qui subsisteront sur Toulouse dans la journ\u00e9e. Intemp\u00e9ries : on annonce des pluies \u00e9parses. On anticipe des temp\u00e9ratures d&rsquo;environ 20\u00b0C. Un petit vent de nord-ouest sera ressenti par les habitants. Les valeurs seront de 21\u00b0C au cours de la matin\u00e9e. La grisaille ne se dissipe toujours pas, il y aura encore des nuages l&rsquo;apr\u00e8s-midi. Les temp\u00e9ratures afficheront entre 18 et 23\u00b0C. On notera la pr\u00e9sence persistante de nuages le soir. Des pluies \u00e9parses sont pr\u00e9vues. Durant la nuit de jeudi \u00e0 vendredi, le ciel sera clair.<\/p>\n<p>Une baisse des temp\u00e9ratures est \u00e0 pr\u00e9voir \u00e0 Toulouse, demain. Il fera en moyenne 19\u00b0C. Un vent de nord-est rafra\u00eechira l\u00e9g\u00e8rement l&rsquo;atmosph\u00e8re. Le soleil appara\u00eet l\u00e9g\u00e8rement le matin. Ces \u00e9claircies devraient r\u00e9jouir les habitants. Cet apr\u00e8s-midi sera synonyme de beau soleil. Une m\u00e9t\u00e9o plus chaude est attendue \u00e9tant donn\u00e9 que les temp\u00e9ratures vont enregistrer une augmentation. Les valeurs s&rsquo;\u00e9chelonneront de 23 \u00e0 25\u00b0C. Il va faire 19\u00b0C en moyenne demain soir.<\/p>\n<p>Peu de changements au fil des jours. Il fera 29\u00b0C en moyenne pour des journ\u00e9es avec un ciel ensoleill\u00e9.<\/p>\n<p><\/p>\n","protected":false},"excerpt":{"rendered":"Le soleil peinera \u00e0 percer au milieu des nuages qui subsisteront sur Toulouse dans la journ\u00e9e. Intemp\u00e9ries :&hellip;\n","protected":false},"author":2,"featured_media":364386,"comment_status":"","ping_status":"","sticky":false,"template":"","format":"standard","meta":{"footnotes":""},"categories":[2816],"tags":[1111,11,1777,674,1011,27,2722,2721,12,2680,2119,25,2312],"class_list":{"0":"post-364385","1":"post","2":"type-post","3":"status-publish","4":"format-standard","5":"has-post-thumbnail","7":"category-toulouse","8":"tag-actu","9":"tag-actualites","10":"tag-eu","11":"tag-europe","12":"tag-fr","13":"tag-france","14":"tag-haute-garonne","15":"tag-midi-pyrenees","16":"tag-news","17":"tag-occitanie","18":"tag-previsions-meteo","19":"tag-republique-francaise","20":"tag-toulouse"},"share_on_mastodon":{"url":"https:\/\/pubeurope.com\/@fr\/115142991770497181","error":""},"_links":{"self":[{"href":"https:\/\/www.europesays.com\/fr\/wp-json\/wp\/v2\/posts\/364385","targetHints":{"allow":["GET"]}}],"collection":[{"href":"https:\/\/www.europesays.com\/fr\/wp-json\/wp\/v2\/posts"}],"about":[{"href":"https:\/\/www.europesays.com\/fr\/wp-json\/wp\/v2\/types\/post"}],"author":[{"embeddable":true,"href":"https:\/\/www.europesays.com\/fr\/wp-json\/wp\/v2\/users\/2"}],"replies":[{"embeddable":true,"href":"https:\/\/www.europesays.com\/fr\/wp-json\/wp\/v2\/comments?post=364385"}],"version-history":[{"count":0,"href":"https:\/\/www.europesays.com\/fr\/wp-json\/wp\/v2\/posts\/364385\/revisions"}],"wp:featuredmedia":[{"embeddable":true,"href":"https:\/\/www.europesays.com\/fr\/wp-json\/wp\/v2\/media\/364386"}],"wp:attachment":[{"href":"https:\/\/www.europesays.com\/fr\/wp-json\/wp\/v2\/media?parent=364385"}],"wp:term":[{"taxonomy":"category","embeddable":true,"href":"https:\/\/www.europesays.com\/fr\/wp-json\/wp\/v2\/categories?post=364385"},{"taxonomy":"post_tag","embeddable":true,"href":"https:\/\/www.europesays.com\/fr\/wp-json\/wp\/v2\/tags?post=364385"}],"curies":[{"name":"wp","href":"https:\/\/api.w.org\/{rel}","templated":true}]}}