{"id":364387,"date":"2025-09-03T23:36:14","date_gmt":"2025-09-03T23:36:14","guid":{"rendered":"https:\/\/www.europesays.com\/fr\/364387\/"},"modified":"2025-09-03T23:36:14","modified_gmt":"2025-09-03T23:36:14","slug":"basket-ball-nationale-1-contre-toulouse-en-amical-lunion-tarbes-lourdes-seduit-et-avance","status":"publish","type":"post","link":"https:\/\/www.europesays.com\/fr\/364387\/","title":{"rendered":"Basket-ball (Nationale 1)\u00a0: contre Toulouse, en amical, l\u2019Union Tarbes-Lourdes s\u00e9duit et avance"},"content":{"rendered":"<p>\n                                                                Face \u00e0 Toulouse, l\u2019Union a montr\u00e9 de belles promesses collectives malgr\u00e9 les absences, \u00e0 une semaine du tournoi Pascal-Thibert.\n                            <\/p>\n<p>    Union Tarbes Lourdes 86 \u2013 Toulouse Basket Club 78<\/p>\n<p>A S\u00e9m\u00e9ac\u00a0; MT\u00a0: 48-39. QT\u00a0: 26-19, 22-20, 16-17, 22-22<br \/>Arbitres\u00a0: MM. Davidson et Sohier<br \/>Union\u00a0: 32 tirs r\u00e9ussis sur 69 tent\u00e9s dont 11 sur 31 \u00e0 3 points. 11 lancers-francs sur 14. 30 rebonds dont 11 offensifs. 14 ballons perdus. 23 fautes.<br \/>Les points\u00a0: Doumbia (11), Gottin (11), Matip (5), Mopsus (14), Joseph (19). Puis Layemard (6), Hourn\u00e9 Raubet (4), Yetna (2), Jolivet (7), Wiscart Goetz (cap., 7).<br \/>Toulouse\u00a0: 25 tirs r\u00e9ussis sur 51 tent\u00e9s dont 9 sur 22 \u00e0 3 points. 19 lancers francs sur 20. 34 rebonds dont 6 offensifs. 19 ballons perdus. 23 fautes.<br \/>Les points\u00a0: Ona Embo (cap., 14), Ali Ali (6), Mnnig (3), Louis-Therse (8), Djasrambaye (10). Puis Pluvy (6), Almeida (4), Marnette (14), Djedje (5).<\/p>\n<p>Ils ont de la chance, les S\u00e9m\u00e9acais, d\u2019avoir assist\u00e9 \u00e0 un match de pr\u00e9paration plein d\u2019entrain, pour une victoire finale de l\u2019Union qui montre que l\u2019\u00e9quipe avance. Alors bien s\u00fbr, le stage dans les Alpes a fait un peu de mal aux jambes, Fabien Ateba \u00e9tait sur le banc, une poche de glace pos\u00e9e sur la joue pour att\u00e9nuer la douleur caus\u00e9e par un arrachage d\u2019une dent de sagesse le jour m\u00eame, Mohamed Doumbya, le S\u00e9n\u00e9galais est toujours en attente d\u2019un feu vert pour venir en France.<\/p>\n<p>Mais on a d\u00e9couvert Ahmed Doumbia, le Guin\u00e9en venu de Chartres, qui a vite d\u00e9montr\u00e9 ses qualit\u00e9s. Dans une salle s\u00e9m\u00e9acaise pleine \u00e0 craquer, les joueurs de St\u00e9phane Dao ont su tout de suite entrer dans le match, face \u00e0 une \u00e9quipe toulousaine qui avait d\u00e9j\u00e0 3 victoires \u00e0 son actif.<\/p>\n<p>La d\u00e9fense\u2026<\/p>\n<p>Le grand Mike Joseph a fait le boulot dans la raquette et l\u2019Union a pris les devants assez nettement (20-7), suffisamment pour obliger les Toulousains \u00e0 une course-poursuite qui \u00e9quilibra finalement les d\u00e9bats jusqu\u2019\u00e0 la fin. L\u2019agressivit\u00e9 en d\u00e9fense co\u00fbta bien 5 fautes \u00e0 Th\u00e9o Jolivet, r\u00e9duit \u00e0 10 minutes de temps de jeu, puis plus tard \u00e0 Fran\u00e7ois Matip qui n\u2019a pas m\u00e9nag\u00e9 son \u00e9nergie des deux c\u00f4t\u00e9s du terrain. Mais le jeu toulousain, autour du capitaine meneur Dennis Ona Embo s\u2019en trouva souvent g\u00ean\u00e9 (20 ballons perdus).<\/p>\n<p>C\u00f4t\u00e9 unioniste, Victor Mopsus s\u2019impose comme patron du jeu avec comme relais Tom Wiscart Goetz, Ahmed Doumbia, et aussi Thibault Gottin, dont le statut de partenaire d\u2019entra\u00eenement lui permet de disputer les matchs amicaux, en attendant\u2026 Alors, bien s\u00fbr tout ne fut pas parfait, avec quelques ballons \u00e9gar\u00e9s, quelques passes perdues dans le trafic, quelques h\u00e9sitations. Mais l\u2019Union a montr\u00e9 qu\u2019elle a nettement progress\u00e9 dans la mise en place de son jeu.<\/p>\n<p>Place maintenant au tournoi Pascal-Thibert le week-end prochain au Quai de l\u2019Adour dont voici le programme\u00a0: Samedi\u00a06 \u00e0 17h Challans (ProB) contre Fos\/Mer. A 19h l\u2019Union affrontera Salon de Provence. Dimanche\u00a07 \u00e0 15h petite finale. A 17h, finale entre les deux vainqueurs de la veille.<\/p>\n<p>Bien dans la combativit\u00e9<\/p>\n<p>St\u00e9phane Dao (coach de l\u2019Union)\u00a0: \u00ab\u00a0Nous avons \u00e9t\u00e9 bien dans la combativit\u00e9, c\u2019est ce que je demandais. On a jou\u00e9 contre une \u00e9quipe qui ma\u00eetrise son sujet. On prend \u00e9norm\u00e9ment de risques. On les a fait un peu d\u00e9jouer. On balbutie encore, mais on marque 86 points quand m\u00eame. On met moins de tirs \u00e0 3 points qu\u2019avant, mais on met plus de lay-up. Apr\u00e8s on a des sautes d\u2019humeur. On est, je crois, sur un pic de fatigue. Tous les joueurs ne sont pas au m\u00eame degr\u00e9 de pr\u00e9paration. Mais il ne faut pas oublier qu\u2019il manquait Fabien Ateba et Mohamed Doumbya. J\u2019ai dit aux joueurs qu\u2019il fallait entrer sur le terrain \u00e0 200\u00a0%. L\u00e0, on teste. Apr\u00e8s on ne testera plus. Toulouse en Coupe de France\u00a0? Je r\u00e9p\u00e8te au dam de certains sans doute. La Coupe de France, \u00e7a servira aussi de match de pr\u00e9paration pour le premier match de championnat. On ira pour gagner, mais continuons de travailler.\u00a0\u00bb<\/p>\n","protected":false},"excerpt":{"rendered":"Face \u00e0 Toulouse, l\u2019Union a montr\u00e9 de belles promesses collectives malgr\u00e9 les absences, \u00e0 une semaine du tournoi&hellip;\n","protected":false},"author":2,"featured_media":364388,"comment_status":"","ping_status":"","sticky":false,"template":"","format":"standard","meta":{"footnotes":""},"categories":[2816],"tags":[1111,11,1777,674,1011,27,12,2680,25,2312],"class_list":{"0":"post-364387","1":"post","2":"type-post","3":"status-publish","4":"format-standard","5":"has-post-thumbnail","7":"category-toulouse","8":"tag-actu","9":"tag-actualites","10":"tag-eu","11":"tag-europe","12":"tag-fr","13":"tag-france","14":"tag-news","15":"tag-occitanie","16":"tag-republique-francaise","17":"tag-toulouse"},"share_on_mastodon":{"url":"https:\/\/pubeurope.com\/@fr\/115142995701621144","error":""},"_links":{"self":[{"href":"https:\/\/www.europesays.com\/fr\/wp-json\/wp\/v2\/posts\/364387","targetHints":{"allow":["GET"]}}],"collection":[{"href":"https:\/\/www.europesays.com\/fr\/wp-json\/wp\/v2\/posts"}],"about":[{"href":"https:\/\/www.europesays.com\/fr\/wp-json\/wp\/v2\/types\/post"}],"author":[{"embeddable":true,"href":"https:\/\/www.europesays.com\/fr\/wp-json\/wp\/v2\/users\/2"}],"replies":[{"embeddable":true,"href":"https:\/\/www.europesays.com\/fr\/wp-json\/wp\/v2\/comments?post=364387"}],"version-history":[{"count":0,"href":"https:\/\/www.europesays.com\/fr\/wp-json\/wp\/v2\/posts\/364387\/revisions"}],"wp:featuredmedia":[{"embeddable":true,"href":"https:\/\/www.europesays.com\/fr\/wp-json\/wp\/v2\/media\/364388"}],"wp:attachment":[{"href":"https:\/\/www.europesays.com\/fr\/wp-json\/wp\/v2\/media?parent=364387"}],"wp:term":[{"taxonomy":"category","embeddable":true,"href":"https:\/\/www.europesays.com\/fr\/wp-json\/wp\/v2\/categories?post=364387"},{"taxonomy":"post_tag","embeddable":true,"href":"https:\/\/www.europesays.com\/fr\/wp-json\/wp\/v2\/tags?post=364387"}],"curies":[{"name":"wp","href":"https:\/\/api.w.org\/{rel}","templated":true}]}}