{"id":364389,"date":"2025-09-03T23:37:10","date_gmt":"2025-09-03T23:37:10","guid":{"rendered":"https:\/\/www.europesays.com\/fr\/364389\/"},"modified":"2025-09-03T23:37:10","modified_gmt":"2025-09-03T23:37:10","slug":"previsions-du-jeudi-4-septembre-2025-6","status":"publish","type":"post","link":"https:\/\/www.europesays.com\/fr\/364389\/","title":{"rendered":"pr\u00e9visions du jeudi 4 septembre 2025"},"content":{"rendered":"<p>Le ciel sera nuageux \u00e0 Lille dans la journ\u00e9e. Les temp\u00e9ratures s&rsquo;\u00e9chelonneront de 14 \u00e0 22\u00b0C. La ville sera touch\u00e9e par un vent de sud-ouest de 22 km\/h. En revanche, des \u00e9claircies sont attendues : on passera une matin\u00e9e cl\u00e9mente. L&rsquo;apr\u00e8s-midi, des nuages \u00e9mailleront le ciel, g\u00eanant ainsi l&rsquo;apparition du soleil. Des pluies \u00e9parses sont pr\u00e9vues. Les valeurs afficheront entre 20 et 21\u00b0C. Il va faire environ 17\u00b0C, le soir. Entre jeudi et vendredi, la nuit sera claire.<\/p>\n<p>Demain, les temp\u00e9ratures seront comprises entre 12 et 23\u00b0C \u00e0 Lille. Un petit vent de sud-ouest sera ressenti par les habitants. Le soleil sera dominant, la promesse d&rsquo;une magnifique matin\u00e9e ! Il fera 18\u00b0C en moyenne. On annonce des \u00e9claircies pour cet apr\u00e8s-midi. Les temp\u00e9ratures vont grimper de quelques degr\u00e9s. Les valeurs s&rsquo;\u00e9chelonneront entre 21\u00b0C et 23\u00b0C. Demain soir, on pr\u00e9voit des temp\u00e9ratures d&rsquo;environ 17\u00b0C.<\/p>\n<p>Pour les jours qui suivent, la m\u00e9t\u00e9o ne bougera pas. Pr\u00e9voyez 29\u00b0C en moyenne qui accompagneront des journ\u00e9es ensoleill\u00e9es.<\/p>\n<p><\/p>\n","protected":false},"excerpt":{"rendered":"Le ciel sera nuageux \u00e0 Lille dans la journ\u00e9e. Les temp\u00e9ratures s&rsquo;\u00e9chelonneront de 14 \u00e0 22\u00b0C. La ville&hellip;\n","protected":false},"author":2,"featured_media":364390,"comment_status":"","ping_status":"","sticky":false,"template":"","format":"standard","meta":{"footnotes":""},"categories":[2815],"tags":[1111,11,1777,674,1011,27,811,1307,12,1308,1309,2119,25],"class_list":{"0":"post-364389","1":"post","2":"type-post","3":"status-publish","4":"format-standard","5":"has-post-thumbnail","7":"category-lille","8":"tag-actu","9":"tag-actualites","10":"tag-eu","11":"tag-europe","12":"tag-fr","13":"tag-france","14":"tag-hauts-de-france","15":"tag-lille","16":"tag-news","17":"tag-nord","18":"tag-nord-pas-de-calais","19":"tag-previsions-meteo","20":"tag-republique-francaise"},"share_on_mastodon":{"url":"https:\/\/pubeurope.com\/@fr\/115142999832419263","error":""},"_links":{"self":[{"href":"https:\/\/www.europesays.com\/fr\/wp-json\/wp\/v2\/posts\/364389","targetHints":{"allow":["GET"]}}],"collection":[{"href":"https:\/\/www.europesays.com\/fr\/wp-json\/wp\/v2\/posts"}],"about":[{"href":"https:\/\/www.europesays.com\/fr\/wp-json\/wp\/v2\/types\/post"}],"author":[{"embeddable":true,"href":"https:\/\/www.europesays.com\/fr\/wp-json\/wp\/v2\/users\/2"}],"replies":[{"embeddable":true,"href":"https:\/\/www.europesays.com\/fr\/wp-json\/wp\/v2\/comments?post=364389"}],"version-history":[{"count":0,"href":"https:\/\/www.europesays.com\/fr\/wp-json\/wp\/v2\/posts\/364389\/revisions"}],"wp:featuredmedia":[{"embeddable":true,"href":"https:\/\/www.europesays.com\/fr\/wp-json\/wp\/v2\/media\/364390"}],"wp:attachment":[{"href":"https:\/\/www.europesays.com\/fr\/wp-json\/wp\/v2\/media?parent=364389"}],"wp:term":[{"taxonomy":"category","embeddable":true,"href":"https:\/\/www.europesays.com\/fr\/wp-json\/wp\/v2\/categories?post=364389"},{"taxonomy":"post_tag","embeddable":true,"href":"https:\/\/www.europesays.com\/fr\/wp-json\/wp\/v2\/tags?post=364389"}],"curies":[{"name":"wp","href":"https:\/\/api.w.org\/{rel}","templated":true}]}}