{"id":364391,"date":"2025-09-03T23:38:23","date_gmt":"2025-09-03T23:38:23","guid":{"rendered":"https:\/\/www.europesays.com\/fr\/364391\/"},"modified":"2025-09-03T23:38:23","modified_gmt":"2025-09-03T23:38:23","slug":"lille-a-desormais-des-bancs-fabriques-avec-les-coquilles-de-moules-de-la-braderie-03-09-2025","status":"publish","type":"post","link":"https:\/\/www.europesays.com\/fr\/364391\/","title":{"rendered":"Lille a d\u00e9sormais des bancs fabriqu\u00e9s avec les coquilles de moules de la Braderie &#8211; 03\/09\/2025"},"content":{"rendered":"<p>La soci\u00e9t\u00e9 qui se charge de recycler les coquilles de moules apr\u00e8s la Braderie de Lille a cr\u00e9\u00e9 des bancs avec les tas de moules 2024. La Ville en a command\u00e9 dix, qui ont \u00e9t\u00e9 install\u00e9s dans le parc pr\u00e8s de la mairie. On vous en dit plus.\u00a0<\/p>\n<p>En 2018, on avait d\u00e9j\u00e0 eu envie de changer notre sol de cuisine en apprenant que du <a target=\"_blank\" href=\"https:\/\/www.vozer.fr\/2018\/11\/25\/ca-yest-on-peut-acheter-du-carrelage-a-la-coquille-de-moule-de-la-braderie\/\" rel=\"nofollow noopener\">carrelage en moules de Braderie<\/a> allait \u00eatre fabriqu\u00e9. Puis la soci\u00e9t\u00e9 lilloise\u00a0EtNISI a d\u00e9velopp\u00e9 sa gamme, et a commenc\u00e9 \u00e0 proposer des vasques, des bougies, des vases et d&rsquo;autres objets design avec les tas des \u00e9ditions suivantes. <\/p>\n<p>Mais <a target=\"_blank\" href=\"https:\/\/www.vozer.fr\/2024\/09\/17\/les-tas-de-moules-de-la-braderie-2024-vont-etre-recycles-en-objets-et-en-mobilier\/\" rel=\"nofollow noopener\">l&rsquo;ann\u00e9e derni\u00e8re<\/a>, Emmanuel, l&rsquo;un des deux co-fondateurs de l&rsquo;entreprise, nous exprimait son d\u00e9sir de passer \u00e0 l&rsquo;\u00e9tape suivante : cr\u00e9er des bancs \u00e0 partir des tas de moules de la Braderie, qui seraient install\u00e9s dans l&rsquo;espace urbain de Lille. Un r\u00eave qui est devenu r\u00e9alit\u00e9.\u00a0<\/p>\n<p>      <a data-fslightbox=\"lightbox-73081\" data-caption=\"\" href=\"https:\/\/vozer.s3.eu-west-3.amazonaws.com\/production\/1756281201\/ceye2qrcaayubahrpup31ak6yxff\/jielbeaumadier_tas_de_moules_braderie_lille_2008.jpg\" rel=\"nofollow noopener\" target=\"_blank\"><br \/>\n        <img decoding=\"async\" class=\"mw-100 lazy\" alt=\"\" lazy=\"true\" src=\"https:\/\/www.europesays.com\/fr\/wp-content\/uploads\/2025\/09\/1756942700_299_jielbeaumadier_tas_de_moules_braderie_lille_2008.webp.webp\"\/><br \/>\n      <\/a><\/p>\n<p>\u00ab\u00a0La Ville de Lille a command\u00e9 dix bancs cr\u00e9\u00e9s avec le mill\u00e9sime 2024, et qui sont en train d&rsquo;\u00eatre install\u00e9s au niveau du parc pr\u00e8s de la mairie\u00a0\u00bb, annonce Esperance, son associ\u00e9.\u00a0Et l&rsquo;objectif est de proposer un mill\u00e9sime pour chaque parc.\u00a0\u00bb Pour 2026, la Ville a d\u00e9j\u00e0 en ligne de mire la plaine Winston Churchill qui pourrait accueillir le mill\u00e9sime 2025, a d\u00e9voil\u00e9 ce mercredi 3 septembre l&rsquo;adjoint au maire Julien Pilette.<\/p>\n<p>Des bancs \u00e9co-responsables<\/p>\n<p>Pour celles et ceux qui s&rsquo;inqui\u00e8tent c\u00f4t\u00e9 hygi\u00e8ne et senteur, rassurez-vous. \u00ab\u00a0On a une phase d&rsquo;hygi\u00e9nisation, car quand on r\u00e9cup\u00e8re les tas de moules, il y a toujours des serviettes, des frites et autres. Aujourd&rsquo;hui, on a d\u00e9velopp\u00e9 une mani\u00e8re naturelle de les nettoyer en plus.\u00a0\u00bb<\/p>\n<p>      <a data-fslightbox=\"lightbox-73083\" data-caption=\"\" href=\"https:\/\/vozer.s3.eu-west-3.amazonaws.com\/production\/1756281619\/rwf5q2jzy6107bg266w9ma7gjle2\/img_1611.jpeg\" rel=\"nofollow noopener\" target=\"_blank\"><br \/>\n        <img decoding=\"async\" class=\"mw-100 lazy\" alt=\"\" lazy=\"true\" src=\"https:\/\/www.europesays.com\/fr\/wp-content\/uploads\/2025\/09\/img_1611.webp.webp\"\/><br \/>\n      <\/a><\/p>\n<p>Les coquilles sont ensuite broy\u00e9es et associ\u00e9es \u00e0 d&rsquo;autres d\u00e9chets de la m\u00e9tropole lilloise. \u00ab\u00a0Nos produits sont constitu\u00e9s \u00e0 83% de mati\u00e8res recycl\u00e9es dont 50 \u00e0 55% de poussi\u00e8re de coquilles de moules.\u00a0\u00bb Apr\u00e8s un tel processus, la soci\u00e9t\u00e9 garantit un final sans odeur et solide. Vous pouvez \u00eatre rassur\u00e9\u00b7es, des tests de robustesse ont \u00e9t\u00e9 r\u00e9alis\u00e9s avant l&rsquo;installation. \u00ab\u00a0Je me suis amus\u00e9 \u00e0 sauter sur les bancs pour v\u00e9rifier que tout \u00e9tait conforme\u00a0\u00bb,\u00a0assure l&rsquo;\u00e9lu.<\/p>\n<p>D&rsquo;autres tests ont \u00e9t\u00e9 effectu\u00e9s notamment garantir une longue dur\u00e9e de vie des bancs. \u00ab\u00a0L&rsquo;objectif est vraiment qu&rsquo;ils puissent rester le plus longtemps possible. La mati\u00e8re permet de ralentir le vieillissement et autres d\u00e9g\u00e2ts qui peuvent \u00eatre caus\u00e9s sur les bancs classiques, comme des tags ou des gravures\u00a0\u00bb, pr\u00e9cise Julien Pilette.<\/p>\n<p>      <a data-fslightbox=\"lightbox-73196\" data-caption=\"Dans un banc, il y a l&#039;&#xE9;quivalent de 6 &#xE0; 7kg de coquilles de moules.\" href=\"https:\/\/vozer.s3.eu-west-3.amazonaws.com\/production\/1756894434\/p4o77tl4h4f5u9vrucfv74xzq9rd\/img_5853-1.jpg\" rel=\"nofollow noopener\" target=\"_blank\"><br \/>\n        <img decoding=\"async\" class=\"mw-100 lazy\" alt=\"Dans un banc, il y a l'&#xE9;quivalent de 6 &#xE0; 7kg de coquilles de moules.\" lazy=\"true\" src=\"https:\/\/www.europesays.com\/fr\/wp-content\/uploads\/2025\/09\/img_5853-1.webp.webp\"\/><br \/>\n      <\/a><br \/>\n        Dans un banc, il y a l&rsquo;\u00e9quivalent de 6 \u00e0 7kg de coquilles de moules.<\/p>\n<p>  Le tas de Rihour, principal fournisseur<\/p>\n<p>Pour que vous puissiez vous rendre compte, chaque banc est l&rsquo;\u00e9quivalent de 6 \u00e0 7kg de coquilles de moules. \u00ab\u00a0Pour produire un banc, il faut un tas de moules qui fait sa taille.\u00a0Celui de Rihour est notre plus gros fournisseur\u00a0\u00bb, sourit l&rsquo;adjoint au maire. Cette ann\u00e9e, pour la Braderie, 6 tas de moules sont d&rsquo;ores et d\u00e9j\u00e0 d\u00e9clar\u00e9s aupr\u00e8s de la Ville par les restaurateurs de diff\u00e9rentes places de Lille. \u00ab\u00a0Mais d&rsquo;autres vont forc\u00e9ment voir le jour. La d\u00e9claration n&rsquo;est pas obligatoire\u00a0\u00bb, informe la mairie.<\/p>\n<p>Ce week-end, vous ne verrez plus les tas de moules de la m\u00eame mani\u00e8re.<\/p>\n","protected":false},"excerpt":{"rendered":"La soci\u00e9t\u00e9 qui se charge de recycler les coquilles de moules apr\u00e8s la Braderie de Lille a cr\u00e9\u00e9&hellip;\n","protected":false},"author":2,"featured_media":364392,"comment_status":"","ping_status":"","sticky":false,"template":"","format":"standard","meta":{"footnotes":""},"categories":[2815],"tags":[1111,11,1777,674,1011,27,811,1307,12,25],"class_list":{"0":"post-364391","1":"post","2":"type-post","3":"status-publish","4":"format-standard","5":"has-post-thumbnail","7":"category-lille","8":"tag-actu","9":"tag-actualites","10":"tag-eu","11":"tag-europe","12":"tag-fr","13":"tag-france","14":"tag-hauts-de-france","15":"tag-lille","16":"tag-news","17":"tag-republique-francaise"},"share_on_mastodon":{"url":"https:\/\/pubeurope.com\/@fr\/115143004111768944","error":""},"_links":{"self":[{"href":"https:\/\/www.europesays.com\/fr\/wp-json\/wp\/v2\/posts\/364391","targetHints":{"allow":["GET"]}}],"collection":[{"href":"https:\/\/www.europesays.com\/fr\/wp-json\/wp\/v2\/posts"}],"about":[{"href":"https:\/\/www.europesays.com\/fr\/wp-json\/wp\/v2\/types\/post"}],"author":[{"embeddable":true,"href":"https:\/\/www.europesays.com\/fr\/wp-json\/wp\/v2\/users\/2"}],"replies":[{"embeddable":true,"href":"https:\/\/www.europesays.com\/fr\/wp-json\/wp\/v2\/comments?post=364391"}],"version-history":[{"count":0,"href":"https:\/\/www.europesays.com\/fr\/wp-json\/wp\/v2\/posts\/364391\/revisions"}],"wp:featuredmedia":[{"embeddable":true,"href":"https:\/\/www.europesays.com\/fr\/wp-json\/wp\/v2\/media\/364392"}],"wp:attachment":[{"href":"https:\/\/www.europesays.com\/fr\/wp-json\/wp\/v2\/media?parent=364391"}],"wp:term":[{"taxonomy":"category","embeddable":true,"href":"https:\/\/www.europesays.com\/fr\/wp-json\/wp\/v2\/categories?post=364391"},{"taxonomy":"post_tag","embeddable":true,"href":"https:\/\/www.europesays.com\/fr\/wp-json\/wp\/v2\/tags?post=364391"}],"curies":[{"name":"wp","href":"https:\/\/api.w.org\/{rel}","templated":true}]}}