{"id":364395,"date":"2025-09-03T23:40:14","date_gmt":"2025-09-03T23:40:14","guid":{"rendered":"https:\/\/www.europesays.com\/fr\/364395\/"},"modified":"2025-09-03T23:40:14","modified_gmt":"2025-09-03T23:40:14","slug":"la-tunisie-denonce-le-meurtre-injustifie-de-lassaillant-au-couteau-abattu-par-la-police-a-marseille","status":"publish","type":"post","link":"https:\/\/www.europesays.com\/fr\/364395\/","title":{"rendered":"La Tunisie d\u00e9nonce le \u00ab\u00a0meurtre injustifi\u00e9\u00a0\u00bb de l&rsquo;assaillant au couteau abattu par la police \u00e0 Marseille"},"content":{"rendered":"<p>La Tunisie a qualifi\u00e9 de \u00ab\u00a0meurtre injustifi\u00e9\u00a0\u00bb la mort d&rsquo;un de ses ressortissants, abattu la veille \u00e0 Marseille par la police fran\u00e7aise apr\u00e8s une attaque au couteau qui a fait cinq bless\u00e9s.<\/p>\n<p>La Tunisie a qualifi\u00e9 mercredi 3 septembre dans la soir\u00e9e de \u00ab\u00a0meurtre injustifi\u00e9\u00a0\u00bb la mort d&rsquo;un de ses ressortissants, <a href=\"https:\/\/www.bfmtv.com\/police-justice\/attaque-au-couteau-a-marseille-le-suspect-n-etait-pas-radicalise-mais-souffrait-de-troubles-psychiatriques_AN-202509030709.html\" title=\"Attaque au couteau \u00e0 Marseille: le suspect n&#039;\u00e9tait &quot;pas radicalis\u00e9&quot;, mais souffrait de troubles psychiatriques\" class=\"internal_link\" rel=\"nofollow noopener\" target=\"_blank\">abattu la veille \u00e0 Marseille<\/a> par la police fran\u00e7aise apr\u00e8s <a href=\"https:\/\/www.bfmtv.com\/marseille\/profil-de-l-assaillant-periple-criminel-ce-que-l-on-sait-de-l-attaque-au-couteau-dans-un-hotel-a-marseille_AV-202509020727.html\" title=\"Profil de l&#039;assaillant, &quot;p\u00e9riple criminel&quot;... Ce que l&#039;on sait de l&#039;attaque au couteau dans un h\u00f4tel \u00e0 Marseille\" class=\"internal_link\" rel=\"nofollow noopener\" target=\"_blank\">une attaque au couteau<\/a>, et r\u00e9clam\u00e9 une enqu\u00eate rapide \u00e0 la France.<\/p>\n<p>Le minist\u00e8re tunisien des Affaires \u00e9trang\u00e8res a \u00e9galement annonc\u00e9 dans un communiqu\u00e9 avoir convoqu\u00e9 le charg\u00e9 d&rsquo;affaires par int\u00e9rim de l&rsquo;ambassade de France \u00e0 Tunis pour lui faire part de sa \u00ab\u00a0vive protestation\u00a0\u00bb.<\/p>\n<p>Mardi 2 septembre, un Tunisien de 35 ans a \u00e9t\u00e9 abattu par la police apr\u00e8s avoir bless\u00e9 cinq personnes dans un \u00ab\u00a0p\u00e9riple criminel\u00a0\u00bb, selon les premiers \u00e9l\u00e9ments communiqu\u00e9s par le procureur de Marseille, Nicolas Bessonne.<\/p>\n<p>Le minist\u00e8re a pr\u00e9cis\u00e9 avoir demand\u00e9 au charg\u00e9 d&rsquo;affaires fran\u00e7ais \u00ab\u00a0de transmettre aux autorit\u00e9s de son pays le fait que la Tunisie consid\u00e8re cet incident comme un meurtre injustifi\u00e9, et attend de la partie fran\u00e7aise toute la rigueur et la c\u00e9l\u00e9rit\u00e9 n\u00e9cessaires dans l&rsquo;enqu\u00eate\u00a0\u00bb.<\/p>\n<p>Il a \u00e9galement indiqu\u00e9 que la Tunisie entendait \u00ab\u00a0prendre toutes les mesures pour pr\u00e9server les droits du d\u00e9funt et ceux de sa famille\u00a0\u00bb.<\/p>\n<p>\u00ab\u00a0P\u00e9riple criminel\u00a0\u00bb<\/p>\n<p>L&rsquo;assaillant, \u00e2g\u00e9 35 ans, a \u00e9t\u00e9 abattu par des policiers dans un quartier tr\u00e8s fr\u00e9quent\u00e9 du centre de Marseille, dans le sud-est de la France, apr\u00e8s avoir bless\u00e9 au couteau cinq personnes, selon le procureur de la deuxi\u00e8me ville de France.<\/p>\n<p>D&rsquo;apr\u00e8s la m\u00eame source, il \u00ab\u00a0n&rsquo;apparaissait pas radicalis\u00e9 mais souffrant de troubles psychiatriques\u00a0\u00bb. Il \u00e9tait connu pour \u00ab\u00a0sa violence et ses probl\u00e8mes d&rsquo;addiction \u00e0 la fois \u00e0 la coca\u00efne et \u00e0 l&rsquo;alcool\u00a0\u00bb, a pr\u00e9cis\u00e9 le magistrat. Il avait notamment \u00e9t\u00e9 condamn\u00e9 \u00e0 La Rochelle (ouest) pour des violences avec arme commises en 2023 sur un neveu.<\/p>\n<p>Selon les premiers \u00e9l\u00e9ments rapport\u00e9s par le procureur, le \u00ab\u00a0p\u00e9riple criminel\u00a0\u00bb d&rsquo;Abdelkader Dibi mardi a commenc\u00e9 apr\u00e8s son expulsion d&rsquo;un h\u00f4tel pour d\u00e9faut de paiement. D&rsquo;apr\u00e8s les autorit\u00e9s fran\u00e7aises, il a poignard\u00e9 plusieurs personnes avant d&rsquo;entamer une errance mena\u00e7ante dans les rues, qui l&rsquo;a men\u00e9 \u00e0 quelques centaines de m\u00e8tres de l&#8217;embl\u00e9matique Vieux Port, arm\u00e9 de deux couteaux et d&rsquo;une barre de fer.<\/p>\n<p>C&rsquo;est avec ces armes, selon la m\u00eame source, qu&rsquo;il a menac\u00e9 une patrouille de policiers en civil qui, alert\u00e9s par \u00ab\u00a0la rumeur publique\u00a0\u00bb, l&rsquo;ont mis en joue. L&rsquo;homme les mena\u00e7ant, les fonctionnaires ont ouvert le feu \u00e0 six reprises alors qu&rsquo;il faisait des mouvements vers eux. Touch\u00e9 de cinq balles, Abdelkader Dibi n&rsquo;a pas pu \u00eatre ranim\u00e9 et est d\u00e9c\u00e9d\u00e9 sur place.<\/p>\n","protected":false},"excerpt":{"rendered":"La Tunisie a qualifi\u00e9 de \u00ab\u00a0meurtre injustifi\u00e9\u00a0\u00bb la mort d&rsquo;un de ses ressortissants, abattu la veille \u00e0 Marseille&hellip;\n","protected":false},"author":2,"featured_media":364396,"comment_status":"","ping_status":"","sticky":false,"template":"","format":"standard","meta":{"footnotes":""},"categories":[2814],"tags":[1111,11,1777,674,1011,27,884,12,882,25],"class_list":{"0":"post-364395","1":"post","2":"type-post","3":"status-publish","4":"format-standard","5":"has-post-thumbnail","7":"category-marseille","8":"tag-actu","9":"tag-actualites","10":"tag-eu","11":"tag-europe","12":"tag-fr","13":"tag-france","14":"tag-marseille","15":"tag-news","16":"tag-provence-alpes-cote-dazur","17":"tag-republique-francaise"},"share_on_mastodon":{"url":"https:\/\/pubeurope.com\/@fr\/115143011488792637","error":""},"_links":{"self":[{"href":"https:\/\/www.europesays.com\/fr\/wp-json\/wp\/v2\/posts\/364395","targetHints":{"allow":["GET"]}}],"collection":[{"href":"https:\/\/www.europesays.com\/fr\/wp-json\/wp\/v2\/posts"}],"about":[{"href":"https:\/\/www.europesays.com\/fr\/wp-json\/wp\/v2\/types\/post"}],"author":[{"embeddable":true,"href":"https:\/\/www.europesays.com\/fr\/wp-json\/wp\/v2\/users\/2"}],"replies":[{"embeddable":true,"href":"https:\/\/www.europesays.com\/fr\/wp-json\/wp\/v2\/comments?post=364395"}],"version-history":[{"count":0,"href":"https:\/\/www.europesays.com\/fr\/wp-json\/wp\/v2\/posts\/364395\/revisions"}],"wp:featuredmedia":[{"embeddable":true,"href":"https:\/\/www.europesays.com\/fr\/wp-json\/wp\/v2\/media\/364396"}],"wp:attachment":[{"href":"https:\/\/www.europesays.com\/fr\/wp-json\/wp\/v2\/media?parent=364395"}],"wp:term":[{"taxonomy":"category","embeddable":true,"href":"https:\/\/www.europesays.com\/fr\/wp-json\/wp\/v2\/categories?post=364395"},{"taxonomy":"post_tag","embeddable":true,"href":"https:\/\/www.europesays.com\/fr\/wp-json\/wp\/v2\/tags?post=364395"}],"curies":[{"name":"wp","href":"https:\/\/api.w.org\/{rel}","templated":true}]}}