{"id":364397,"date":"2025-09-03T23:41:11","date_gmt":"2025-09-03T23:41:11","guid":{"rendered":"https:\/\/www.europesays.com\/fr\/364397\/"},"modified":"2025-09-03T23:41:11","modified_gmt":"2025-09-03T23:41:11","slug":"previsions-du-jeudi-4-septembre-2025-8","status":"publish","type":"post","link":"https:\/\/www.europesays.com\/fr\/364397\/","title":{"rendered":"pr\u00e9visions du jeudi 4 septembre 2025"},"content":{"rendered":"<p>Aujourd&rsquo;hui, Lyon devra encore attendre avant que les nuages ne se dissipent. Les valeurs seront de 15\u00b0C au minimum et de 24\u00b0C au maximum. Toujours de la grisaille le matin. Les nuages vont s&rsquo;attarder. Des pluies \u00e9parses sont pr\u00e9vues. Un vent de sud-ouest rafra\u00eechira sensiblement l&rsquo;atmosph\u00e8re. La m\u00e9t\u00e9o sera instable dans l&rsquo;apr\u00e8s-midi avec des averses. Les temp\u00e9ratures s&rsquo;\u00e9chelonneront de 18 \u00e0 24\u00b0C. De l\u00e9g\u00e8res averses ponctueront cette soir\u00e9e. On pr\u00e9voit des valeurs d&rsquo;environ 16\u00b0C. Le passage de jeudi \u00e0 vendredi se fera sous un ciel pluvieux.<\/p>\n<p>Demain, une baisse du mercure est \u00e0 craindre \u00e0 Lyon. Le mercure affichera 17\u00b0C en moyenne. Une l\u00e9g\u00e8re brise de nord-ouest sera ressentie par les habitants. Le ciel va s&rsquo;\u00e9claircir dans la matin\u00e9e. Il fera 17\u00b0C en moyenne. Demain apr\u00e8s-midi, les Lyonnais vont pouvoir b\u00e9n\u00e9ficier d&rsquo;un soleil radieux. C&rsquo;est une hausse de quelques degr\u00e9s que vont conna\u00eetre les temp\u00e9ratures. Ces valeurs afficheront entre 20 et 22\u00b0C. Les valeurs tourneront autour des 16\u00b0C au cours de la soir\u00e9e.<\/p>\n<p>Peu de changements au fil des jours. Le temps sera ensoleill\u00e9 avec des temp\u00e9ratures autour de 29\u00b0C.<\/p>\n<p><\/p>\n","protected":false},"excerpt":{"rendered":"Aujourd&rsquo;hui, Lyon devra encore attendre avant que les nuages ne se dissipent. Les valeurs seront de 15\u00b0C au&hellip;\n","protected":false},"author":2,"featured_media":364398,"comment_status":"","ping_status":"","sticky":false,"template":"","format":"standard","meta":{"footnotes":""},"categories":[1889],"tags":[1111,11,2430,1777,674,1011,27,2428,12,2119,25,2429,2431],"class_list":{"0":"post-364397","1":"post","2":"type-post","3":"status-publish","4":"format-standard","5":"has-post-thumbnail","7":"category-lyon","8":"tag-actu","9":"tag-actualites","10":"tag-auvergne-rhone-alpes","11":"tag-eu","12":"tag-europe","13":"tag-fr","14":"tag-france","15":"tag-lyon","16":"tag-news","17":"tag-previsions-meteo","18":"tag-republique-francaise","19":"tag-rhone","20":"tag-rhone-alpes"},"share_on_mastodon":{"url":"https:\/\/pubeurope.com\/@fr\/115143015482952817","error":""},"_links":{"self":[{"href":"https:\/\/www.europesays.com\/fr\/wp-json\/wp\/v2\/posts\/364397","targetHints":{"allow":["GET"]}}],"collection":[{"href":"https:\/\/www.europesays.com\/fr\/wp-json\/wp\/v2\/posts"}],"about":[{"href":"https:\/\/www.europesays.com\/fr\/wp-json\/wp\/v2\/types\/post"}],"author":[{"embeddable":true,"href":"https:\/\/www.europesays.com\/fr\/wp-json\/wp\/v2\/users\/2"}],"replies":[{"embeddable":true,"href":"https:\/\/www.europesays.com\/fr\/wp-json\/wp\/v2\/comments?post=364397"}],"version-history":[{"count":0,"href":"https:\/\/www.europesays.com\/fr\/wp-json\/wp\/v2\/posts\/364397\/revisions"}],"wp:featuredmedia":[{"embeddable":true,"href":"https:\/\/www.europesays.com\/fr\/wp-json\/wp\/v2\/media\/364398"}],"wp:attachment":[{"href":"https:\/\/www.europesays.com\/fr\/wp-json\/wp\/v2\/media?parent=364397"}],"wp:term":[{"taxonomy":"category","embeddable":true,"href":"https:\/\/www.europesays.com\/fr\/wp-json\/wp\/v2\/categories?post=364397"},{"taxonomy":"post_tag","embeddable":true,"href":"https:\/\/www.europesays.com\/fr\/wp-json\/wp\/v2\/tags?post=364397"}],"curies":[{"name":"wp","href":"https:\/\/api.w.org\/{rel}","templated":true}]}}