{"id":364399,"date":"2025-09-03T23:42:22","date_gmt":"2025-09-03T23:42:22","guid":{"rendered":"https:\/\/www.europesays.com\/fr\/364399\/"},"modified":"2025-09-03T23:42:22","modified_gmt":"2025-09-03T23:42:22","slug":"lyon-ce-parc-de-la-part-dieu-ferme-plusieurs-jours-apres-un-couac-ce-quil-sest-passe","status":"publish","type":"post","link":"https:\/\/www.europesays.com\/fr\/364399\/","title":{"rendered":"Lyon. Ce parc de la Part-Dieu ferm\u00e9 plusieurs jours apr\u00e8s un couac : ce qu&rsquo;il s&rsquo;est pass\u00e9"},"content":{"rendered":"<p>            Par<br \/>\n        <strong><br \/>\n            <a href=\"https:\/\/actu.fr\/auteur\/julien-damboise\" title=\"Consulter tous les articles de Julien Damboise\" target=\"_blank\" rel=\"noopener\">Julien Damboise<\/a><br \/>\n        <\/strong><\/p>\n<p>        Publi\u00e9 le<\/p>\n<p>            3 sept. 2025 \u00e0 17h07        <\/p>\n<p>Un espace vert a \u00e9t\u00e9 <strong>ferm\u00e9 quelques jours<\/strong> en pleine rentr\u00e9e scolaire \u00e0 <a href=\"https:\/\/actu.fr\/auvergne-rhone-alpes\/lyon_69123\" target=\"_blank\" rel=\"noopener\">Lyon<\/a>. Il s\u2019agit du parc Jeanne-Jugan, dans le quartier de la <a href=\"https:\/\/actu.fr\/tag\/lyon-part-dieu\" target=\"_blank\" rel=\"noopener\">Part-Dieu<\/a>. En cause, un couac d\u00fb \u00e0 l\u2019immense <a href=\"https:\/\/actu.fr\/auvergne-rhone-alpes\/lyon_69123\/lyon-c-est-quoi-ce-nouvel-immeuble-qui-sort-de-terre-a-la-sortie-de-la-gare-part-dieu_63006841.html\" target=\"_blank\" rel=\"noopener\">chantier du nouveau Novotel<\/a>, qui doit sortir de terre derri\u00e8re la gare SNCF. <br \/>Explications.<\/p>\n<p>    <a href=\"https:\/\/www.google.com\/maps\/embed?pb=!1m18!1m12!1m3!1d2943.050856759929!2d4.861019012028292!3d45.759660070959775!2m3!1f0!2f0!3f0!3m2!1i1024!2i768!4f13.1!3m3!1m2!1s0x47f4eb3a72dd5c5d%3A0x69f910969709b5ee!2sParc%20Jeanne%20Jugan!5e1!3m2!1sfr!2sfr!4v1756906806983!5m2!1sfr!2sfr\" title=\"Ouvrie le lien\" target=\"_blank\" rel=\"noopener\">Cliquez ici pour visualiser le contenu<\/a><\/p>\n<p>Un immense b\u00e2timent en construction<\/p>\n<p class=\" wall-content\">Pour rappel, cela fait plusieurs mois qu\u2019un immense chantier est en cours c\u00f4t\u00e9 Villette, place de Francfort, pr\u00e8s des stations de tramway T3\/T4 et Rh\u00f4nexpress.<\/p>\n<p class=\" wall-content\">C\u2019est l\u2019enseigne d\u2019h\u00f4tellerie <strong>Novotel<\/strong> qui est de retour dans le quartier apr\u00e8s la d\u00e9molition de son b\u00e2timent historique boulevard Vivier-Merle pr\u00e8s de la gare <a href=\"https:\/\/actu.fr\/tag\/sncf\" target=\"_blank\" rel=\"noopener\">SNCF<\/a>. Cette fois, l\u2019investissement est d\u2019un montant de 50 millions d\u2019euros.\u00a0\u00a0<\/p>\n<p>    <img   decoding=\"async\" loading=\"lazy\" src=\"https:\/\/www.europesays.com\/fr\/wp-content\/uploads\/2025\/08\/hotel-novotel-lyon-part-dieu-960x640.jpg\" alt=\"Le futur h\u00f4tel Novotel de la place de Francfort dans le quartier de la Part-Dieu \u00e0 Lyon.\" width=\"960\" height=\"640\"\/><br \/>\n    Le futur h\u00f4tel Novotel de la place de Francfort dans le quartier de la Part-Dieu, \u00e0 Lyon. (\u00a9AIA architectes)\u00a0<\/p>\n<p class=\" wall-content\">Le b\u00e2timent doit sortir de terre d\u2019ici le printemps 2027. Un h\u00f4tel de 9 850 m\u00b2, sur 10 \u00e9tages, avec <strong>165 chambres et suites<\/strong>. Un rooftop avec bar et restaurant et une piscine sont aussi pr\u00e9vus.<\/p>\n<p>Un chantier pharaonique<\/p>\n<p class=\" wall-content\">Sur place, aucun \u00e9tage n\u2019a encore pouss\u00e9, au contraire. Les fondations sont en train d\u2019\u00eatre creus\u00e9es, avec un <strong>balai de poids lourds<\/strong> qui viennent chercher les gravats.<\/p>\n<p>Votre r\u00e9gion, votre actu !<\/p>\n<p>Recevez chaque jour les infos qui comptent pour vous.<\/p>\n<p>\t<a href=\"https:\/\/actu.fr\/newsletter\" class=\"ac-btn ac-btn--corner ac-btn--medium ac-btn--blue800\" target=\"_blank\" rel=\"noopener\">S&rsquo;incrire<\/a><\/p>\n<p>    <img   decoding=\"async\" loading=\"lazy\" src=\"https:\/\/www.europesays.com\/fr\/wp-content\/uploads\/2025\/09\/chantier-novotel-lyon-960x640.jpeg\" alt=\"L'immense chantier de l'h\u00f4tel Novotel de Part-Dieu \u00e0 Lyon va encore durer des mois.\" width=\"960\" height=\"640\"\/><br \/>\n    L\u2019immense chantier de l\u2019h\u00f4tel Novotel de Part-Dieu \u00e0 Lyon va encore durer des mois. (\u00a9JD \/ actu Lyon)<\/p>\n<p class=\" wall-content\">Mais ce n\u2019est pas la seule chose qu\u2019il faut \u00e9vacuer : il y a aussi un syst\u00e8me d\u2019\u00e9vacuation des eaux du chantier. Il a \u00e9t\u00e9 mis en place par l\u2019entreprise en charge des travaux pour une dur\u00e9e d\u2019environ neuf mois pour vider les eaux directement dans la nappe phr\u00e9atique.<\/p>\n<p class=\" wall-content\">Pour cela, une imposante structure a \u00e9t\u00e9 mont\u00e9e pour relier les tuyaux jusqu\u2019\u00e0 l\u2019int\u00e9rieur du parc Jeanne-Jugan, qui comprend deux <strong>aires de jeux pour les enfants<\/strong>.<\/p>\n<p>    <img   decoding=\"async\" loading=\"lazy\" src=\"https:\/\/www.europesays.com\/fr\/wp-content\/uploads\/2025\/09\/parc-part-dieu-lyon-chantier-1-960x640.jpeg\" alt=\"Une \u00e9norme structure a \u00e9t\u00e9 mont\u00e9e dans le jardin public.\" width=\"960\" height=\"640\"\/><br \/>\n    Une \u00e9norme structure a \u00e9t\u00e9 mont\u00e9e dans le jardin public. (\u00a9JD \/ actu Lyon)<\/p>\n<p class=\" wall-content\">Mais lors d\u2019un couac, et alors que seules les parties concern\u00e9es par cette \u00e9vacuation devaient \u00eatre condamn\u00e9es, c\u2019est<strong> tout le parc qui a \u00e9t\u00e9 ferm\u00e9<\/strong> aux familles et aux nombreux travailleurs du secteur d\u00e8s lundi 1er septembre.<\/p>\n<p class=\" wall-content\">Finalement, des employ\u00e9s de la Ville sont intervenus ce mercredi matin pour un retour \u00e0 la normale dans le secteur.<\/p>\n<p class=\" wall-content\">Personnalisez votre actualit\u00e9 en ajoutant vos villes et m\u00e9dias en favori avec <a href=\"https:\/\/moncompte.actu.fr\" title=\"D\u00e9couvez Mon Actu\" rel=\"nofollow noopener\" data-trk=\"{&quot;cta&quot;:{&quot;action&quot;:&quot;https:\\\/\\\/moncompte.actu.fr&quot;,&quot;category&quot;:&quot;mon compte&quot;,&quot;from&quot;:&quot;article footer&quot;,&quot;name&quot;:&quot;Mon actu&quot;,&quot;type&quot;:&quot;cta&quot;}}\" target=\"_blank\">Mon Actu<\/a>.<\/p>\n","protected":false},"excerpt":{"rendered":"Par Julien Damboise Publi\u00e9 le 3 sept. 2025 \u00e0 17h07 Un espace vert a \u00e9t\u00e9 ferm\u00e9 quelques jours&hellip;\n","protected":false},"author":2,"featured_media":364400,"comment_status":"","ping_status":"","sticky":false,"template":"","format":"standard","meta":{"footnotes":""},"categories":[1889],"tags":[1111,11,2430,1777,674,1011,27,2428,6178,12,25,104,2086,1352],"class_list":{"0":"post-364399","1":"post","2":"type-post","3":"status-publish","4":"format-standard","5":"has-post-thumbnail","7":"category-lyon","8":"tag-actu","9":"tag-actualites","10":"tag-auvergne-rhone-alpes","11":"tag-eu","12":"tag-europe","13":"tag-fr","14":"tag-france","15":"tag-lyon","16":"tag-lyon-part-dieu","17":"tag-news","18":"tag-republique-francaise","19":"tag-societe","20":"tag-travaux","21":"tag-urbanisme"},"share_on_mastodon":{"url":"https:\/\/pubeurope.com\/@fr\/115143019380494245","error":""},"_links":{"self":[{"href":"https:\/\/www.europesays.com\/fr\/wp-json\/wp\/v2\/posts\/364399","targetHints":{"allow":["GET"]}}],"collection":[{"href":"https:\/\/www.europesays.com\/fr\/wp-json\/wp\/v2\/posts"}],"about":[{"href":"https:\/\/www.europesays.com\/fr\/wp-json\/wp\/v2\/types\/post"}],"author":[{"embeddable":true,"href":"https:\/\/www.europesays.com\/fr\/wp-json\/wp\/v2\/users\/2"}],"replies":[{"embeddable":true,"href":"https:\/\/www.europesays.com\/fr\/wp-json\/wp\/v2\/comments?post=364399"}],"version-history":[{"count":0,"href":"https:\/\/www.europesays.com\/fr\/wp-json\/wp\/v2\/posts\/364399\/revisions"}],"wp:featuredmedia":[{"embeddable":true,"href":"https:\/\/www.europesays.com\/fr\/wp-json\/wp\/v2\/media\/364400"}],"wp:attachment":[{"href":"https:\/\/www.europesays.com\/fr\/wp-json\/wp\/v2\/media?parent=364399"}],"wp:term":[{"taxonomy":"category","embeddable":true,"href":"https:\/\/www.europesays.com\/fr\/wp-json\/wp\/v2\/categories?post=364399"},{"taxonomy":"post_tag","embeddable":true,"href":"https:\/\/www.europesays.com\/fr\/wp-json\/wp\/v2\/tags?post=364399"}],"curies":[{"name":"wp","href":"https:\/\/api.w.org\/{rel}","templated":true}]}}