{"id":364401,"date":"2025-09-03T23:44:23","date_gmt":"2025-09-03T23:44:23","guid":{"rendered":"https:\/\/www.europesays.com\/fr\/364401\/"},"modified":"2025-09-03T23:44:23","modified_gmt":"2025-09-03T23:44:23","slug":"paris-et-sa-region-depassent-les-niveaux-pre-covid","status":"publish","type":"post","link":"https:\/\/www.europesays.com\/fr\/364401\/","title":{"rendered":"Paris et sa r\u00e9gion d\u00e9passent les niveaux pr\u00e9-covid"},"content":{"rendered":"<p>\t\t\t\t\t La destination <a class=\"liens\" href=\"https:\/\/www.iledefrance.fr\/form\/contact\" target=\"_blank\" rel=\"noopener\">Paris \u00cele-de-France<\/a>  confirme son attractivit\u00e9 en 2025, port\u00e9e par un premier semestre solide et un \u00e9t\u00e9 historique <b>depuis la crise sanitaire<\/b>. <\/p>\n<p>De janvier \u00e0 juin 2025, l\u2019\u00cele-de-France a accueilli 24,3 millions de visiteurs, soit une hausse de +3 % par <a class=\"liens\" href=\"https:\/\/www.tourmag.com\/Paris-Ile-de-France-quel-bilan-pour-la-frequentation-touristique-en-2024_a126294.html\" target=\"_blank\" rel=\"noopener\">rapport \u00e0 2024<\/a>, d\u00e9passant m\u00eame les indicateurs de 2019. &#13;\t\t\t\t\t <\/p>\n<p>La client\u00e8le internationale, en forte progression (+9 %), atteint <b>11,4 millions de visiteurs<\/b>, avec les \u00c9tats-Unis en t\u00eate (1,4 M, +5 %), suivis du Royaume-Uni (+14 %) et de l\u2019Allemagne (+15 %). Les march\u00e9s lointains affichent aussi <b>une dynamique notable<\/b>, notamment le Br\u00e9sil (+22 %), la Chine (+8 %) et le Canada (+8 %).&#13;\t\t\t\t\t <\/p>\n<p>Les h\u00e9bergements enregistrent \u00e9galement de belles performances : <b>35,2 millions de nuit\u00e9es h\u00f4teli\u00e8res<\/b> (+7 %) et +13 % de r\u00e9servations dans les locations meubl\u00e9es.&#13;\t\t\t\t\t <\/p>\n<p>Sur la p\u00e9riode, la consommation touristique atteint <b>11,1 milliards d\u2019euros<\/b> (+4 %), dont 6,9 milliards d\u00e9pens\u00e9s par les internationaux.\n\t\t\t\t <\/p>\n","protected":false},"excerpt":{"rendered":"La destination Paris \u00cele-de-France confirme son attractivit\u00e9 en 2025, port\u00e9e par un premier semestre solide et un \u00e9t\u00e9&hellip;\n","protected":false},"author":2,"featured_media":364402,"comment_status":"","ping_status":"","sticky":false,"template":"","format":"standard","meta":{"footnotes":""},"categories":[1592],"tags":[1111,11,1777,674,1011,27,13461,662,12,626,25],"class_list":{"0":"post-364401","1":"post","2":"type-post","3":"status-publish","4":"format-standard","5":"has-post-thumbnail","7":"category-ile-de-france","8":"tag-actu","9":"tag-actualites","10":"tag-eu","11":"tag-europe","12":"tag-fr","13":"tag-france","14":"tag-frequentation","15":"tag-ile-de-france","16":"tag-news","17":"tag-paris","18":"tag-republique-francaise"},"share_on_mastodon":{"url":"https:\/\/pubeurope.com\/@fr\/115143027300452882","error":""},"_links":{"self":[{"href":"https:\/\/www.europesays.com\/fr\/wp-json\/wp\/v2\/posts\/364401","targetHints":{"allow":["GET"]}}],"collection":[{"href":"https:\/\/www.europesays.com\/fr\/wp-json\/wp\/v2\/posts"}],"about":[{"href":"https:\/\/www.europesays.com\/fr\/wp-json\/wp\/v2\/types\/post"}],"author":[{"embeddable":true,"href":"https:\/\/www.europesays.com\/fr\/wp-json\/wp\/v2\/users\/2"}],"replies":[{"embeddable":true,"href":"https:\/\/www.europesays.com\/fr\/wp-json\/wp\/v2\/comments?post=364401"}],"version-history":[{"count":0,"href":"https:\/\/www.europesays.com\/fr\/wp-json\/wp\/v2\/posts\/364401\/revisions"}],"wp:featuredmedia":[{"embeddable":true,"href":"https:\/\/www.europesays.com\/fr\/wp-json\/wp\/v2\/media\/364402"}],"wp:attachment":[{"href":"https:\/\/www.europesays.com\/fr\/wp-json\/wp\/v2\/media?parent=364401"}],"wp:term":[{"taxonomy":"category","embeddable":true,"href":"https:\/\/www.europesays.com\/fr\/wp-json\/wp\/v2\/categories?post=364401"},{"taxonomy":"post_tag","embeddable":true,"href":"https:\/\/www.europesays.com\/fr\/wp-json\/wp\/v2\/tags?post=364401"}],"curies":[{"name":"wp","href":"https:\/\/api.w.org\/{rel}","templated":true}]}}