{"id":364403,"date":"2025-09-03T23:45:15","date_gmt":"2025-09-03T23:45:15","guid":{"rendered":"https:\/\/www.europesays.com\/fr\/364403\/"},"modified":"2025-09-03T23:45:15","modified_gmt":"2025-09-03T23:45:15","slug":"un-antiquaire-dupe-par-une-mysterieuse-cliente-qui-se-volatilise-avec-un-butin-de-150-000-euros","status":"publish","type":"post","link":"https:\/\/www.europesays.com\/fr\/364403\/","title":{"rendered":"Un antiquaire dup\u00e9 par une myst\u00e9rieuse cliente qui se volatilise avec un butin de 150.000 euros"},"content":{"rendered":"<p>Le\u00a0pr\u00e9judice est estim\u00e9 \u00e0 150.000 euros. Ce lundi, un antiquaire install\u00e9 dans le Ier arrondissement de <a href=\"https:\/\/www.20minutes.fr\/paris\/\" class=\"c-link c-link--is-underlined\" target=\"_blank\" rel=\"noopener\">Paris<\/a>, rue Cambon, s\u2019est fait <a href=\"https:\/\/www.20minutes.fr\/dossier\/vol\" class=\"c-link c-link--is-underlined\" target=\"_blank\" rel=\"noopener\">voler<\/a> des bijoux anciens, rapporte <a href=\"https:\/\/www.europe1.fr\/Police-Justice\/info-europe-1-bijoux-cash-et-mystere-une-discrete-voleuse-derobe-150000-euros-chez-un-antiquaire-a-paris-771058\" target=\"_blank\" class=\"c-link c-link--is-underlined\" rel=\"noopener\">Europe 1<\/a>.<\/p>\n<p>Une fausse cliente vole le sac<\/p>\n<p>C\u2019est une femme qui aurait d\u00e9rob\u00e9 ce pr\u00e9cieux butin. Elle se serait pr\u00e9sent\u00e9e dans le commerce en fin de journ\u00e9e, vers 19h30, et aurait profit\u00e9 d\u2019une courte absence de l\u2019antiquaire dans\u00a0l\u2019arri\u00e8re-boutique pour subtiliser un sac qui se trouvait derri\u00e8re le comptoir. \u00c0 l\u2019int\u00e9rieur, des bijoux anciens\u00a0de grande valeur donc mais aussi 15.000 euros en esp\u00e8ces appartenant au propri\u00e9taire des lieux.<\/p>\n<\/p>\n<p>Lorsque l\u2019antiquaire est revenu et a constat\u00e9 le vol, elle s\u2019\u00e9tait d\u00e9j\u00e0 volatilis\u00e9e. L\u2019homme a port\u00e9 plainte et la police a ouvert une enqu\u00eate pour vol.<\/p>\n","protected":false},"excerpt":{"rendered":"Le\u00a0pr\u00e9judice est estim\u00e9 \u00e0 150.000 euros. Ce lundi, un antiquaire install\u00e9 dans le Ier arrondissement de Paris, rue&hellip;\n","protected":false},"author":2,"featured_media":364404,"comment_status":"","ping_status":"","sticky":false,"template":"","format":"standard","meta":{"footnotes":""},"categories":[1888],"tags":[1111,1928,47,11,1927,5417,1777,674,118,1011,27,662,12,1926,626,1925,25,10912],"class_list":{"0":"post-364403","1":"post","2":"type-post","3":"status-publish","4":"format-standard","5":"has-post-thumbnail","7":"category-paris","8":"tag-actu","9":"tag-actu-paris","10":"tag-actualite","11":"tag-actualites","12":"tag-actualites-paris","13":"tag-bijoux","14":"tag-eu","15":"tag-europe","16":"tag-faits-divers","17":"tag-fr","18":"tag-france","19":"tag-ile-de-france","20":"tag-news","21":"tag-news-paris","22":"tag-paris","23":"tag-paris-news","24":"tag-republique-francaise","25":"tag-voleur"},"share_on_mastodon":{"url":"https:\/\/pubeurope.com\/@fr\/115143031090218929","error":""},"_links":{"self":[{"href":"https:\/\/www.europesays.com\/fr\/wp-json\/wp\/v2\/posts\/364403","targetHints":{"allow":["GET"]}}],"collection":[{"href":"https:\/\/www.europesays.com\/fr\/wp-json\/wp\/v2\/posts"}],"about":[{"href":"https:\/\/www.europesays.com\/fr\/wp-json\/wp\/v2\/types\/post"}],"author":[{"embeddable":true,"href":"https:\/\/www.europesays.com\/fr\/wp-json\/wp\/v2\/users\/2"}],"replies":[{"embeddable":true,"href":"https:\/\/www.europesays.com\/fr\/wp-json\/wp\/v2\/comments?post=364403"}],"version-history":[{"count":0,"href":"https:\/\/www.europesays.com\/fr\/wp-json\/wp\/v2\/posts\/364403\/revisions"}],"wp:featuredmedia":[{"embeddable":true,"href":"https:\/\/www.europesays.com\/fr\/wp-json\/wp\/v2\/media\/364404"}],"wp:attachment":[{"href":"https:\/\/www.europesays.com\/fr\/wp-json\/wp\/v2\/media?parent=364403"}],"wp:term":[{"taxonomy":"category","embeddable":true,"href":"https:\/\/www.europesays.com\/fr\/wp-json\/wp\/v2\/categories?post=364403"},{"taxonomy":"post_tag","embeddable":true,"href":"https:\/\/www.europesays.com\/fr\/wp-json\/wp\/v2\/tags?post=364403"}],"curies":[{"name":"wp","href":"https:\/\/api.w.org\/{rel}","templated":true}]}}