{"id":364405,"date":"2025-09-03T23:46:20","date_gmt":"2025-09-03T23:46:20","guid":{"rendered":"https:\/\/www.europesays.com\/fr\/364405\/"},"modified":"2025-09-03T23:46:20","modified_gmt":"2025-09-03T23:46:20","slug":"le-domicile-de-joeystarr-cambriole-le-prejudice-estime-a-plus-de-100-000-euros","status":"publish","type":"post","link":"https:\/\/www.europesays.com\/fr\/364405\/","title":{"rendered":"le domicile de JoeyStarr cambriol\u00e9, le pr\u00e9judice estim\u00e9 \u00e0 plus de 100.000 euros"},"content":{"rendered":"<p class=\"mb-4 text-lg md:leading-8 break-words\">Le domicile parisien du rappeur et acteur JoeyStarr a \u00e9t\u00e9 cambriol\u00e9, pour un pr\u00e9judice estim\u00e9 \u00e0 plus de 100.000 euros, a indiqu\u00e9 mercredi le parquet de Paris, confirmant une information du Parisien.<\/p>\n<p class=\"mb-4 text-lg md:leading-8 break-words\">Selon le quotidien, la star de 57 ans, Didier Morville de son vrai nom, qui se serait r\u00e9cemment install\u00e9e dans le Xe arrondissement de Paris avec sa compagne, l&rsquo;actrice et mannequin Pauline Latchoumanin, a port\u00e9 plainte lundi.<\/p>\n<p class=\"mb-4 text-lg md:leading-8 break-words\">Il aurait d\u00e9clar\u00e9 s&rsquo;\u00eatre fait d\u00e9rober des montres de luxe, raconte encore Le Parisien.<\/p>\n<p class=\"mb-4 text-lg md:leading-8 break-words\">\u00ab\u00a0La victime (a) constat\u00e9 la disparition d&rsquo;objets pour une valeur estim\u00e9e \u00e0 plus de 100.000 euros pendant son sommeil\u00a0\u00bb, a rapport\u00e9 le parquet, qui a confi\u00e9 une enqu\u00eate pour vol dans un local d&rsquo;habitation au deuxi\u00e8me district de police judidicaire.<\/p>\n<p class=\"mb-4 text-lg md:leading-8 break-words\">JoeyStarr a commenc\u00e9 sa carri\u00e8re musicale au d\u00e9but des ann\u00e9es 1990 avec Kool Shen, formant un duo mythique du hip-hop fran\u00e7ais Supr\u00eame NTM.<\/p>\n<p class=\"mb-4 text-lg md:leading-8 break-words\">Il est ensuite devenu acteur, participant aux com\u00e9dies \u00ab\u00a0La Tour Montparnasse Infernale\u00a0\u00bb (2000) ou \u00ab\u00a0RRRrrrr!!!\u00a0\u00bb (2004) avant d&rsquo;\u00eatre nomm\u00e9 \u00e0 deux reprises aux\u00a0C\u00e9sar\u00a0pour ses r\u00f4les dans les films de Ma\u00efwenn\u00a0\u00ab\u00a0Le Bal des actrices\u00a0\u00bb\u00a0(2009) et\u00a0\u00ab\u00a0Polisse\u00a0\u00bb\u00a0(2011).<\/p>\n<p class=\"mb-4 text-lg md:leading-8 break-words\">gd-mca\/asl\/swi<\/p>\n","protected":false},"excerpt":{"rendered":"Le domicile parisien du rappeur et acteur JoeyStarr a \u00e9t\u00e9 cambriol\u00e9, pour un pr\u00e9judice estim\u00e9 \u00e0 plus de&hellip;\n","protected":false},"author":2,"featured_media":364406,"comment_status":"","ping_status":"","sticky":false,"template":"","format":"standard","meta":{"footnotes":""},"categories":[1888],"tags":[1111,1928,11,1927,49854,1777,674,49894,1011,27,30528,5553,48161,12,1926,626,1925,25,46542],"class_list":{"0":"post-364405","1":"post","2":"type-post","3":"status-publish","4":"format-standard","5":"has-post-thumbnail","7":"category-paris","8":"tag-actu","9":"tag-actu-paris","10":"tag-actualites","11":"tag-actualites-paris","12":"tag-didier-morville","13":"tag-eu","14":"tag-europe","15":"tag-festival-de-television-de-monte-carlo","16":"tag-fr","17":"tag-france","18":"tag-joey-starr","19":"tag-le-parisien","20":"tag-le-quotidien","21":"tag-news","22":"tag-news-paris","23":"tag-paris","24":"tag-paris-news","25":"tag-republique-francaise","26":"tag-xe-arrondissement-de-paris"},"share_on_mastodon":{"url":"https:\/\/pubeurope.com\/@fr\/115143035069403566","error":""},"_links":{"self":[{"href":"https:\/\/www.europesays.com\/fr\/wp-json\/wp\/v2\/posts\/364405","targetHints":{"allow":["GET"]}}],"collection":[{"href":"https:\/\/www.europesays.com\/fr\/wp-json\/wp\/v2\/posts"}],"about":[{"href":"https:\/\/www.europesays.com\/fr\/wp-json\/wp\/v2\/types\/post"}],"author":[{"embeddable":true,"href":"https:\/\/www.europesays.com\/fr\/wp-json\/wp\/v2\/users\/2"}],"replies":[{"embeddable":true,"href":"https:\/\/www.europesays.com\/fr\/wp-json\/wp\/v2\/comments?post=364405"}],"version-history":[{"count":0,"href":"https:\/\/www.europesays.com\/fr\/wp-json\/wp\/v2\/posts\/364405\/revisions"}],"wp:featuredmedia":[{"embeddable":true,"href":"https:\/\/www.europesays.com\/fr\/wp-json\/wp\/v2\/media\/364406"}],"wp:attachment":[{"href":"https:\/\/www.europesays.com\/fr\/wp-json\/wp\/v2\/media?parent=364405"}],"wp:term":[{"taxonomy":"category","embeddable":true,"href":"https:\/\/www.europesays.com\/fr\/wp-json\/wp\/v2\/categories?post=364405"},{"taxonomy":"post_tag","embeddable":true,"href":"https:\/\/www.europesays.com\/fr\/wp-json\/wp\/v2\/tags?post=364405"}],"curies":[{"name":"wp","href":"https:\/\/api.w.org\/{rel}","templated":true}]}}