{"id":364411,"date":"2025-09-03T23:49:15","date_gmt":"2025-09-03T23:49:15","guid":{"rendered":"https:\/\/www.europesays.com\/fr\/364411\/"},"modified":"2025-09-03T23:49:15","modified_gmt":"2025-09-03T23:49:15","slug":"un-ex-du-rc-lens-vers-la-russie-2","status":"publish","type":"post","link":"https:\/\/www.europesays.com\/fr\/364411\/","title":{"rendered":"Un ex du RC Lens vers la Russie"},"content":{"rendered":"<p>L\u2019armada des anciens du <strong>RC Lens<\/strong> \u00e0 Rennes pourrait perdre tr\u00e8s prochainement un nouvel \u00e9l\u00e9ment, apr\u00e8s le d\u00e9part d\u2019<strong>Arnaud Kalimuendo<\/strong> \u00e0 Nottingham Forest ou celui d\u2019<strong>Ayanda Sishuba<\/strong> \u00e0 Montpellier. C\u2019est<strong> Christopher Wooh<\/strong> qui s\u2019appr\u00eate \u00e0 faire ses valises.<\/p>\n<p>Le d\u00e9fenseur, parti de Lens pour Rennes dans les derniers instants du mercato en 2022, ne s\u2019est jamais totalement impos\u00e9 en Bretagne (17 titularisations en Ligue 1 la saison derni\u00e8re). Selon <a href=\"https:\/\/www.leparisien.fr\/sports\/football\/ligue-1\/mercato-rennes-le-defenseur-christopher-wooh-se-rapproche-du-spartak-moscou-03-09-2025-JBNRI7ENMNBLZP6R46SITYY6XM.php\" target=\"_blank\" rel=\"noopener nofollow\">Le Parisien<\/a> et <a href=\"https:\/\/www.lequipe.fr\/Football\/Actualites\/Mercato-christopher-wooh-au-spartak-moscou\/1590096\" target=\"_blank\" rel=\"noopener nofollow\">L\u2019Equipe<\/a>, des discussions tr\u00e8s avanc\u00e9es sont en cours avec le Spartak Moscou, le march\u00e9 \u00e9tant toujours ouvert en Russie.<\/p>\n<p>Suspendu et bless\u00e9 suite \u00e0 un geste d\u2019humeur<\/p>\n<p><img loading=\"lazy\" decoding=\"async\" class=\"size-medium wp-image-213657 aligncenter lazyload\" alt=\"\" width=\"600\" height=\"400\" src=\"https:\/\/www.europesays.com\/fr\/wp-content\/uploads\/2025\/09\/christopher-wooh-600x400.jpg\" data-eio-rwidth=\"600\" data-eio-rheight=\"400\"\/><\/p>\n<p>Sous contrat jusqu\u2019en juin prochain, l\u2019international camerounais de 23 ans part sur une anecdote qui a fait parler. Expuls\u00e9 lors du derby breton \u00e0 Lorient (4-0), il s\u2019\u00e9tait bless\u00e9 \u00e0 l\u2019avant-bras en frappant dans un mur et avait donc d\u00fb passer en prime par l\u2019h\u00f4pital.<\/p>\n","protected":false},"excerpt":{"rendered":"L\u2019armada des anciens du RC Lens \u00e0 Rennes pourrait perdre tr\u00e8s prochainement un nouvel \u00e9l\u00e9ment, apr\u00e8s le d\u00e9part&hellip;\n","protected":false},"author":2,"featured_media":364412,"comment_status":"","ping_status":"","sticky":false,"template":"","format":"standard","meta":{"footnotes":""},"categories":[1591],"tags":[11,1887,12,1885,1886,132],"class_list":{"0":"post-364411","1":"post","2":"type-post","3":"status-publish","4":"format-standard","5":"has-post-thumbnail","7":"category-russie","8":"tag-actualites","9":"tag-federation-de-russie","10":"tag-news","11":"tag-russia","12":"tag-russian-federation","13":"tag-russie"},"share_on_mastodon":{"url":"https:\/\/pubeurope.com\/@fr\/115143046881391127","error":""},"_links":{"self":[{"href":"https:\/\/www.europesays.com\/fr\/wp-json\/wp\/v2\/posts\/364411","targetHints":{"allow":["GET"]}}],"collection":[{"href":"https:\/\/www.europesays.com\/fr\/wp-json\/wp\/v2\/posts"}],"about":[{"href":"https:\/\/www.europesays.com\/fr\/wp-json\/wp\/v2\/types\/post"}],"author":[{"embeddable":true,"href":"https:\/\/www.europesays.com\/fr\/wp-json\/wp\/v2\/users\/2"}],"replies":[{"embeddable":true,"href":"https:\/\/www.europesays.com\/fr\/wp-json\/wp\/v2\/comments?post=364411"}],"version-history":[{"count":0,"href":"https:\/\/www.europesays.com\/fr\/wp-json\/wp\/v2\/posts\/364411\/revisions"}],"wp:featuredmedia":[{"embeddable":true,"href":"https:\/\/www.europesays.com\/fr\/wp-json\/wp\/v2\/media\/364412"}],"wp:attachment":[{"href":"https:\/\/www.europesays.com\/fr\/wp-json\/wp\/v2\/media?parent=364411"}],"wp:term":[{"taxonomy":"category","embeddable":true,"href":"https:\/\/www.europesays.com\/fr\/wp-json\/wp\/v2\/categories?post=364411"},{"taxonomy":"post_tag","embeddable":true,"href":"https:\/\/www.europesays.com\/fr\/wp-json\/wp\/v2\/tags?post=364411"}],"curies":[{"name":"wp","href":"https:\/\/api.w.org\/{rel}","templated":true}]}}