{"id":364413,"date":"2025-09-03T23:50:11","date_gmt":"2025-09-03T23:50:11","guid":{"rendered":"https:\/\/www.europesays.com\/fr\/364413\/"},"modified":"2025-09-03T23:50:11","modified_gmt":"2025-09-03T23:50:11","slug":"quand-marvin-martin-faisait-mieux-que-zidane","status":"publish","type":"post","link":"https:\/\/www.europesays.com\/fr\/364413\/","title":{"rendered":"quand Marvin Martin faisait mieux que Zidane"},"content":{"rendered":"\n<p class=\"Paragraph__content\" data-v-e14a34bc=\"\">Dans l&rsquo;air de juin passe un fond de prudence, quand m\u00eame, et c&rsquo;\u00e9tait sans doute parce que Yoann Gourcuff \u00e9tait pass\u00e9 par l\u00e0. Le 13\u00a0janvier 2009, au surlendemain de son but fantastique face au Paris-SG (4-0), la une de L&rsquo;\u00c9quipe avait c\u00e9l\u00e9br\u00e9 \u00ab\u00a0Le successeur\u00a0\u00bb, avec la photo de Yoann Gourcuff en action, et le portrait de Zin\u00e9dine Zidane en arri\u00e8re-plan. Bien s\u00fbr, \u00e0 l&rsquo;int\u00e9rieur, les nuances \u00e9taient pr\u00e9sentes dans les diff\u00e9rents papiers, ainsi que dans ce mot de notre chroniqueur de l&rsquo;\u00e9poque pour la Ligue\u00a01, Christophe Dugarry\u00a0: \u00ab\u00a0Ce qu&rsquo;il a r\u00e9ussi en six mois, Zizou l&rsquo;a fait pendant seize ans.\u00a0\u00bb<\/p>\n<p class=\"Paragraph__content\" data-v-e14a34bc=\"\">Mais lorsque Marvin Martin d\u00e9bute en \u00e9quipe de France en entrant en jeu en Ukraine (4-1), le 6\u00a0juin 2011, dans un match amical \u00e0 un an de l&rsquo;Euro, inscrit deux buts et fait une passe d\u00e9cisive en un quart d&rsquo;heure, il est impossible de ne pas rappeler la premi\u00e8re s\u00e9lection de Zidane \u00e0 Bordeaux, face \u00e0 la R\u00e9publique tch\u00e8que (2-2), et son doubl\u00e9 en entrant en jeu, le 17\u00a0ao\u00fbt 1994. Le milieu de terrain offensif de Sochaux a 23\u00a0ans, et dans cette \u00e9quipe de France qui se reconstruit sur les ruines de Knysna avec les principes de Laurent Blanc et de Jean-Louis Gasset, tous les nouveaux symboles sont bons \u00e0 prendre, moins d&rsquo;un an apr\u00e8s qu&rsquo;une g\u00e9n\u00e9ration a refus\u00e9 de descendre d&rsquo;un car pour s&rsquo;entra\u00eener.<\/p>\n<p class=\"Paragraph__content\" data-v-e14a34bc=\"\">Le lendemain de l&rsquo;\u00e9v\u00e9nement, sous le poids de l&rsquo;exp\u00e9rience ou d&rsquo;une autre actualit\u00e9, le journal ne con\u00e7oit pas la m\u00eame une que pour Gourcuff, deux ans et demi plus t\u00f4t. Martin y est en photo sous le titre \u00ab\u00a04 minutes de soleil en plus\u00a0\u00bb et le titre du \u00ab\u00a0jeu et joueurs\u00a0\u00bb n&rsquo;est pas forc\u00e9ment \u00e0 prendre au premier degr\u00e9, enfin pas compl\u00e8tement (\u00ab Martin mieux que Zidane\u00a0\u00bb), m\u00eame si avec deux buts et une passe d\u00e9cisive, c&rsquo;est factuel, le Sochalien a ajout\u00e9 quelque chose au bilan de la premi\u00e8re s\u00e9lection du ma\u00eetre. Le surlendemain, on joue encore sur la filiation, d&rsquo;autant qu&rsquo;il est absolument impossible de r\u00e9sister \u00e0 la double initiale (\u00ab MM comme ZZ\u00a0\u00bb), mais la une, un petit titre de haut de page (\u00ab Martin r\u00e9veille les Bleus\u00a0\u00bb), redimensionne les attentes. La fin de l&rsquo;histoire, d\u00e9j\u00e0\u00a0: m\u00eame tr\u00e8s att\u00e9nu\u00e9es, elles seront beaucoup trop grandes en regard de la suite du parcours chaotique du joueur, qui commencera \u00e0 perdre son influence et sa confiance \u00e0 partir de sa signature \u00e0 Lille, \u00e0 l&rsquo;\u00e9t\u00e9 2012.<\/p>\n<p class=\"Paragraph__content\" data-v-e14a34bc=\"\">Au fil de 15 s\u00e9lections, dont 22 minutes \u00e0 l&rsquo;Euro 2012, il se situera toujours assez loin de cet \u00e9blouissement originel, apr\u00e8s avoir \u00e9t\u00e9 trois fois titulaire lors de ses cinq premi\u00e8res capes, mais seulement une fois lors des dix suivantes, restant d\u00e9finitivement \u00e0 ces deux buts lors de son premier quart d&rsquo;heure international.<\/p>\n<p class=\"Quote__content\" data-v-6808232a=\"\">\u00ab\u00a0Je sais qu&rsquo;on va faire la comparaison avec Zin\u00e9dine. Je souhaite donc \u00e0 Marvin qu&rsquo;il fasse la m\u00eame carri\u00e8re que lui\u00a0\u00bb<\/p>\n<p class=\"Quote__caption\" data-v-6808232a=\"\">Laurent Blanc, s\u00e9lectionneur des Bleus, apr\u00e8s le match contre l&rsquo;Ukraine<\/p>\n<p class=\"Paragraph__content\" data-v-e14a34bc=\"\">Il pourra dire, quand m\u00eame, avoir vu arriver Didier Deschamps, puisque sa derni\u00e8re apparition avec les Bleus remonte \u00e0 la premi\u00e8re de l&rsquo;actuel s\u00e9lectionneur contre l&rsquo;Uruguay (0-0), au\u00a0Havre, le 15\u00a0ao\u00fbt 2012. Mais comment faire mieux que le 6\u00a0juin 2011, \u00e0 Donetsk\u00a0? Il avait pass\u00e9 17 minutes sur le terrain, r\u00e9ussi ses neuf passes, marqu\u00e9 deux buts en trois tirs et r\u00e9ussi une passe d\u00e9cisive en tirant un seul corner sur la t\u00eate de Younes Kaboul, un autre d\u00e9butant du jour. Cela avait rappel\u00e9 Zidane, mais cela aurait pu \u00e9galement rappeler Baf\u00e9 Gomis, qui avait inscrit un doubl\u00e9 pour ses d\u00e9buts contre la Colombie \u00e0 Grenoble (2-0), en pr\u00e9paration de l&rsquo;Euro 2008, et qui n&rsquo;avait marqu\u00e9 qu&rsquo;un but lors de ses onze s\u00e9lections suivantes.<\/p>\n<p class=\"Paragraph__content\" data-v-e14a34bc=\"\">Ce jour-l\u00e0, en rentrant dans le vestiaire de Donetsk, Martin avait \u00e9t\u00e9 applaudi par les autres, et Laurent Blanc, c&rsquo;\u00e9tait son boulot et son exp\u00e9rience, avait \u00e0 la fois att\u00e9nu\u00e9 et encourag\u00e9 le bonheur d&rsquo;un joueur discret\u00a0: \u00ab\u00a0Je sais qu&rsquo;on va faire la comparaison avec Zin\u00e9dine. Je souhaite donc \u00e0 Marvin qu&rsquo;il fasse la m\u00eame carri\u00e8re que lui. Avant le match, je lui avais dit, \u00e0 lui et \u00e0 Younes (Kaboul), qu&rsquo;on se rappelle toujours sa premi\u00e8re et de sa derni\u00e8re s\u00e9lection. Ils n&rsquo;ont pas manqu\u00e9 la premi\u00e8re. Ils s&rsquo;en souviendront toute leur vie.\u00a0\u00bb<\/p>\n<p>                       Axelle Red, \u00ab\u00a0petit Xavi\u00a0\u00bb et 2\u00a0080 jours sans marquer <\/p>\n<p class=\"Paragraph__content\" data-v-e14a34bc=\"\">Il avait re\u00e7u le fanion du match, apr\u00e8s coup, au Donbass Hotel tout pr\u00e8s du stade, o\u00f9 il partageait la chambre d&rsquo;un autre produit du centre de formation de Sochaux, J\u00e9r\u00e9my M\u00e9nez, il avait chant\u00e9 du Axelle Red pour son intronisation, en adaptant les paroles \u00e0 sa d\u00e9couverte de l&rsquo;\u00e9quipe de France, et avait prononc\u00e9 des mots rafra\u00eechissants et sages \u00e0 la fois\u00a0: \u00ab\u00a0Je ne me suis pas vraiment rendu compte de tout ce que je vivais. J&rsquo;\u00e9tais sur mon petit nuage, comme dans un r\u00eave. C&rsquo;est le plus beau moment de ma jeune carri\u00e8re et cette sensation restera \u00e9ternelle. Il faut savourer, mais ne pas s&rsquo;enflammer. J&rsquo;ai marqu\u00e9, c&rsquo;est bien, mais je ne suis qu&rsquo;au d\u00e9but du chemin.\u00a0\u00bb<\/p>\n<p class=\"Paragraph__content\" data-v-e14a34bc=\"\">Il \u00e9tait difficile d&rsquo;imaginer qu&rsquo;il n&rsquo;\u00e9tait pas si loin du bout, non plus. Les m\u00e9dias n&rsquo;avaient pas \u00e9t\u00e9 les seuls \u00e0 s&#8217;emballer, il y avait eu Karim Benzema, aussi\u00a0: \u00ab\u00a0C&rsquo;est facile d&rsquo;\u00e9voluer avec lui, car il sent le jeu. Dans sa disponibilit\u00e9, son sens de la passe, Marvin me fait penser \u00e0 Iniesta\u00a0\u00bb. Il \u00e9tait d\u00e9j\u00e0 surnomm\u00e9 \u00ab\u00a0le petit Xavi\u00a0\u00bb \u00e0 Sochaux, mais sortait, il est vrai, d&rsquo;une saison \u00e0 17 passes d\u00e9cisives qui avait fait de lui le meilleur passeur de la Ligue\u00a01.<\/p>\n<p class=\"Paragraph__content\" data-v-e14a34bc=\"\">Il resterait un an de plus \u00e0 Sochaux, peut-\u00eatre un an de trop, avant de filer \u00e0 Lille, de tripler son salaire, et de souffrir \u00e0 rester un joueur de tr\u00e8s haut niveau, malgr\u00e9 quelques \u00e9clairs, victime des attentes, notamment, d&rsquo;une discr\u00e9tion qui le poussait \u00e0 ne m\u00eame pas tirer les coups de pied arr\u00eat\u00e9s pour lesquels il \u00e9tait d\u00e9sign\u00e9, pour les laisser \u00e0 plus gourmand que lui, et de quelque chose d&rsquo;un malentendu\u00a0: apr\u00e8s son doubl\u00e9 \u00e0 Donetsk, il ne marquerait plus jamais en Ligue\u00a01, en 83 matches, et attendrait 2\u00a0080 jours pour redevenir buteur, avec Reims, en novembre 2017 contre Auxerre en Ligue\u00a02 (2-0). Mais longtemps apr\u00e8s, et alors qu&rsquo;il aimait assez le foot pour finir \u00e0 Hy\u00e8res, en National\u00a02, \u00e0 35\u00a0ans, il faut, aussi, d\u00e9finir la d\u00e9ception\u00a0: un jour de gloire et quinze s\u00e9lections en bleu, beaucoup ne sont pas mont\u00e9s si haut.<\/p>\n","protected":false},"excerpt":{"rendered":"Dans l&rsquo;air de juin passe un fond de prudence, quand m\u00eame, et c&rsquo;\u00e9tait sans doute parce que Yoann&hellip;\n","protected":false},"author":2,"featured_media":364414,"comment_status":"","ping_status":"","sticky":false,"template":"","format":"standard","meta":{"footnotes":""},"categories":[1590],"tags":[11,1777,674,12,220],"class_list":{"0":"post-364413","1":"post","2":"type-post","3":"status-publish","4":"format-standard","5":"has-post-thumbnail","7":"category-ukraine","8":"tag-actualites","9":"tag-eu","10":"tag-europe","11":"tag-news","12":"tag-ukraine"},"share_on_mastodon":{"url":"https:\/\/pubeurope.com\/@fr\/115143051647629027","error":""},"_links":{"self":[{"href":"https:\/\/www.europesays.com\/fr\/wp-json\/wp\/v2\/posts\/364413","targetHints":{"allow":["GET"]}}],"collection":[{"href":"https:\/\/www.europesays.com\/fr\/wp-json\/wp\/v2\/posts"}],"about":[{"href":"https:\/\/www.europesays.com\/fr\/wp-json\/wp\/v2\/types\/post"}],"author":[{"embeddable":true,"href":"https:\/\/www.europesays.com\/fr\/wp-json\/wp\/v2\/users\/2"}],"replies":[{"embeddable":true,"href":"https:\/\/www.europesays.com\/fr\/wp-json\/wp\/v2\/comments?post=364413"}],"version-history":[{"count":0,"href":"https:\/\/www.europesays.com\/fr\/wp-json\/wp\/v2\/posts\/364413\/revisions"}],"wp:featuredmedia":[{"embeddable":true,"href":"https:\/\/www.europesays.com\/fr\/wp-json\/wp\/v2\/media\/364414"}],"wp:attachment":[{"href":"https:\/\/www.europesays.com\/fr\/wp-json\/wp\/v2\/media?parent=364413"}],"wp:term":[{"taxonomy":"category","embeddable":true,"href":"https:\/\/www.europesays.com\/fr\/wp-json\/wp\/v2\/categories?post=364413"},{"taxonomy":"post_tag","embeddable":true,"href":"https:\/\/www.europesays.com\/fr\/wp-json\/wp\/v2\/tags?post=364413"}],"curies":[{"name":"wp","href":"https:\/\/api.w.org\/{rel}","templated":true}]}}