{"id":364415,"date":"2025-09-03T23:51:16","date_gmt":"2025-09-03T23:51:16","guid":{"rendered":"https:\/\/www.europesays.com\/fr\/364415\/"},"modified":"2025-09-03T23:51:16","modified_gmt":"2025-09-03T23:51:16","slug":"plutot-que-chicago-trump-evoque-lenvoi-de-troupes-a-la-nouvelle-orleans","status":"publish","type":"post","link":"https:\/\/www.europesays.com\/fr\/364415\/","title":{"rendered":"Plut\u00f4t que Chicago, Trump \u00e9voque l\u2019envoi de troupes \u00e0 La Nouvelle-Orl\u00e9ans"},"content":{"rendered":"<p class=\"mb-4 text-lg md:leading-8 break-words\"><strong>IRA, IRA PAS &#8211; Le pr\u00e9sident a affirm\u00e9 qu\u2019il pourrait \u00ab\u00a0r\u00e9gler le probl\u00e8me en deux semaines\u00a0\u00bb dans la m\u00e9tropole de Louisiane<\/strong><\/p>\n<p class=\"mb-4 text-lg md:leading-8 break-words\"><a href=\"https:\/\/www.20minutes.fr\/dossier\/donald_trump?at_medium=RSS%20feed&amp;at_campaign=ynews&amp;utm_source=yahoo&amp;utm_medium=rss&amp;utm_campaign=news_feed&amp;utm_content=in_article_link\" rel=\"nofollow noopener\" target=\"_blank\" data-ylk=\"slk:Donald Trump;elm:context_link;itc:0;sec:content-canvas\" class=\"link \">Donald Trump<\/a> souffle le chaud et le froid sur le d\u00e9ploiement de troupes f\u00e9d\u00e9rales. Apr\u00e8s avoir menac\u00e9 d\u2019envoyer la Garde nationale \u00e0 <a href=\"https:\/\/www.20minutes.fr\/dossier\/chicago?at_medium=RSS%20feed&amp;at_campaign=ynews&amp;utm_source=yahoo&amp;utm_medium=rss&amp;utm_campaign=news_feed&amp;utm_content=in_article_link\" rel=\"nofollow noopener\" target=\"_blank\" data-ylk=\"slk:Chicago;elm:context_link;itc:0;sec:content-canvas\" class=\"link \">Chicago<\/a>, le pr\u00e9sident am\u00e9ricain \u00e9voque d\u00e9sormais la possibilit\u00e9 de cibler La\u00a0Nouvelle-Orl\u00e9ans, avec le soutien affich\u00e9 du gouverneur r\u00e9publicain de <a href=\"https:\/\/www.20minutes.fr\/dossier\/louisiane?at_medium=RSS%20feed&amp;at_campaign=ynews&amp;utm_source=yahoo&amp;utm_medium=rss&amp;utm_campaign=news_feed&amp;utm_content=in_article_link\" rel=\"nofollow noopener\" target=\"_blank\" data-ylk=\"slk:Louisiane;elm:context_link;itc:0;sec:content-canvas\" class=\"link \">Louisiane<\/a>, Jeff Landry.<\/p>\n<p class=\"mb-4 text-lg md:leading-8 break-words\">Mercredi, depuis le Bureau ovale, le pr\u00e9sident des <a href=\"https:\/\/www.20minutes.fr\/monde\/etats-unis\/?at_medium=RSS%20feed&amp;at_campaign=ynews&amp;utm_source=yahoo&amp;utm_medium=rss&amp;utm_campaign=news_feed&amp;utm_content=in_article_link\" rel=\"nofollow noopener\" target=\"_blank\" data-ylk=\"slk:Etats-Unis;elm:context_link;itc:0;sec:content-canvas\" class=\"link \">Etats-Unis<\/a> a d\u00e9clar\u00e9. \u00ab\u00a0On est en train de prendre une d\u00e9cision\u00a0: va-t-on \u00e0 Chicago\u00a0? Ou va-t-on dans un endroit comme La\u00a0Nouvelle-Orl\u00e9ans, o\u00f9 nous avons un excellent gouverneur, Jeff Landry, qui veut que nous venions remettre de l\u2019ordre dans une tr\u00e8s belle r\u00e9gion de ce pays devenue assez difficile\u00a0\u00bb. Il a assur\u00e9 que l\u2019intervention \u00ab\u00a0r\u00e9glerait le probl\u00e8me en deux semaines\u00a0\u00bb, estimant que ce serait \u00ab\u00a0plus facile qu\u2019\u00e0 Washington\u00a0\u00bb, o\u00f9 il affirme avoir d\u00e9j\u00e0 \u00e9radiqu\u00e9 la <a href=\"https:\/\/www.20minutes.fr\/dossier\/criminalite?at_medium=RSS%20feed&amp;at_campaign=ynews&amp;utm_source=yahoo&amp;utm_medium=rss&amp;utm_campaign=news_feed&amp;utm_content=in_article_link\" rel=\"nofollow noopener\" target=\"_blank\" data-ylk=\"slk:criminalit\u00e9;elm:context_link;itc:0;sec:content-canvas\" class=\"link \">criminalit\u00e9<\/a> gr\u00e2ce \u00e0 un d\u00e9ploiement de troupes.<\/p>\n<p>New York, Los Angeles et Baltimore<\/p>\n<p class=\"mb-4 text-lg md:leading-8 break-words\">Le pr\u00e9sident r\u00e9publicain a aussi mentionn\u00e9 les villes de <a href=\"https:\/\/www.20minutes.fr\/dossier\/new_york?at_medium=RSS%20feed&amp;at_campaign=ynews&amp;utm_source=yahoo&amp;utm_medium=rss&amp;utm_campaign=news_feed&amp;utm_content=in_article_link\" rel=\"nofollow noopener\" target=\"_blank\" data-ylk=\"slk:New York;elm:context_link;itc:0;sec:content-canvas\" class=\"link \">New York<\/a>, <a href=\"https:\/\/www.20minutes.fr\/dossier\/los_angeles?at_medium=RSS%20feed&amp;at_campaign=ynews&amp;utm_source=yahoo&amp;utm_medium=rss&amp;utm_campaign=news_feed&amp;utm_content=in_article_link\" rel=\"nofollow noopener\" target=\"_blank\" data-ylk=\"slk:Los Angeles;elm:context_link;itc:0;sec:content-canvas\" class=\"link \">Los Angeles<\/a> et <a href=\"https:\/\/www.20minutes.fr\/dossier\/baltimore?at_medium=RSS%20feed&amp;at_campaign=ynews&amp;utm_source=yahoo&amp;utm_medium=rss&amp;utm_campaign=news_feed&amp;utm_content=in_article_link\" rel=\"nofollow noopener\" target=\"_blank\" data-ylk=\"slk:Baltimore;elm:context_link;itc:0;sec:content-canvas\" class=\"link \">Baltimore<\/a>, toutes dirig\u00e9es par des \u00e9lus d\u00e9mocrates oppos\u00e9s \u00e0 ce type d\u2019op\u00e9ration. \u00ab\u00a0Les politiciens ne sont pas en phase avec le peuple\u00a0\u00bb, a-t-il lanc\u00e9, selon <a href=\"https:\/\/www.npr.org\/2025\/09\/03\/g-s1-86813\/trump-national-guard-new-orleans?at_medium=RSS%20feed&amp;at_campaign=ynews&amp;utm_source=yahoo&amp;utm_medium=rss&amp;utm_campaign=news_feed&amp;utm_content=in_article_link\" rel=\"nofollow noopener\" target=\"_blank\" data-ylk=\"slk:NPR;elm:context_link;itc:0;sec:content-canvas\" class=\"link \">NPR<\/a>, en accusant les responsables <a href=\"https:\/\/www.20minutes.fr\/dossier\/parti_democrate?at_medium=RSS%20feed&amp;at_campaign=ynews&amp;utm_source=yahoo&amp;utm_medium=rss&amp;utm_campaign=news_feed&amp;utm_content=in_article_link\" rel=\"nofollow noopener\" target=\"_blank\" data-ylk=\"slk:d\u00e9mocrates;elm:context_link;itc:0;sec:content-canvas\" class=\"link \">d\u00e9mocrates<\/a> d\u2019\u00eatre \u00ab\u00a0en faveur du crime\u00a0\u00bb. A Chicago, le gouverneur J.B. Pritzker a r\u00e9it\u00e9r\u00e9 son rejet cat\u00e9gorique du projet.<\/p>\n<p class=\"mb-4 text-lg md:leading-8 break-words\">En Louisiane, Jeff Landry a imm\u00e9diatement embray\u00e9 sur X. \u00ab\u00a0Nous prendrons l\u2019aide du pr\u00e9sident Donald Trump de La\u00a0Nouvelle-Orl\u00e9ans \u00e0 Shreveport\u00a0!\u00a0\u00bb Une position salu\u00e9e par l\u2019int\u00e9ress\u00e9, qui so(&#8230;)<\/p>\n<p class=\"mb-4 text-lg md:leading-8 break-words\"><a href=\"https:\/\/www.20minutes.fr\/monde\/etats-unis\/4171080-20250904-etats-unis-plutot-chicago-trump-evoque-envoi-troupes-nouvelle-orleans?at_medium=RSS%20feed&amp;at_campaign=ynews&amp;utm_source=yahoo&amp;utm_medium=rss&amp;utm_campaign=news_feed&amp;utm_content=read_more_link&quot;\" rel=\"nofollow noopener\" target=\"_blank\" data-ylk=\"slk:Lire la suite sur 20minutes;elm:context_link;itc:0;sec:content-canvas\" class=\"link \">Lire la suite sur 20minutes<\/a><\/p>\n<p>\u00c0 lire aussi :<br \/><a href=\"https:\/\/www.20minutes.fr\/monde\/etats-unis\/4170846-20250902-etats-unis-trump-promet-regler-criminalite-chicago-ville-plus-dangereuse-monde?at_medium=RSS%20feed&amp;at_campaign=ynews&amp;utm_source=yahoo&amp;utm_medium=rss&amp;utm_campaign=news_feed&amp;utm_content=related_content_link\" rel=\"nofollow noopener\" target=\"_blank\" data-ylk=\"slk:Etats-Unis\u00a0: Trump promet de r\u00e9gler la criminalit\u00e9 \u00e0 Chicago \u00ab\u00a0ville la plus dangereuse du monde\u00a0\u00bb;elm:context_link;itc:0;sec:content-canvas\" class=\"link \">Etats-Unis\u00a0: Trump promet de r\u00e9gler la criminalit\u00e9 \u00e0 Chicago \u00ab\u00a0ville la plus dangereuse du monde\u00a0\u00bb<\/a><br \/><a href=\"https:\/\/www.20minutes.fr\/monde\/etats-unis\/4169144-20250823-etats-unis-apres-washington-trump-veut-faire-menage-chicago-new-york-envoyant-garde-nationale?at_medium=RSS%20feed&amp;at_campaign=ynews&amp;utm_source=yahoo&amp;utm_medium=rss&amp;utm_campaign=news_feed&amp;utm_content=related_content_link\" rel=\"nofollow noopener\" target=\"_blank\" data-ylk=\"slk:Etats-Unis\u00a0: Apr\u00e8s Washington, Trump veut faire le m\u00e9nage \u00e0 Chicago et New York en envoyant la Garde nationale;elm:context_link;itc:0;sec:content-canvas\" class=\"link \">Etats-Unis\u00a0: Apr\u00e8s Washington, Trump veut faire le m\u00e9nage \u00e0 Chicago et New York en envoyant la Garde nationale<\/a><\/p>\n","protected":false},"excerpt":{"rendered":"IRA, IRA PAS &#8211; Le pr\u00e9sident a affirm\u00e9 qu\u2019il pourrait \u00ab\u00a0r\u00e9gler le probl\u00e8me en deux semaines\u00a0\u00bb dans la&hellip;\n","protected":false},"author":2,"featured_media":364416,"comment_status":"","ping_status":"","sticky":false,"template":"","format":"standard","meta":{"footnotes":""},"categories":[1589],"tags":[11,17005,75,73,1866,45399,49895,49896,12,7274,49897,1864,1865,1863,308],"class_list":{"0":"post-364415","1":"post","2":"type-post","3":"status-publish","4":"format-standard","5":"has-post-thumbnail","7":"category-etats-unis","8":"tag-actualites","9":"tag-chicago","10":"tag-donald-trump","11":"tag-etats-unis","12":"tag-etats-unis-damerique","13":"tag-ira","14":"tag-jeff-landry","15":"tag-la-nouvelle-orleans","16":"tag-news","17":"tag-president-americain","18":"tag-troupes-federales","19":"tag-united-states","20":"tag-united-states-of-america","21":"tag-us","22":"tag-usa"},"share_on_mastodon":{"url":"https:\/\/pubeurope.com\/@fr\/115143054601138393","error":""},"_links":{"self":[{"href":"https:\/\/www.europesays.com\/fr\/wp-json\/wp\/v2\/posts\/364415","targetHints":{"allow":["GET"]}}],"collection":[{"href":"https:\/\/www.europesays.com\/fr\/wp-json\/wp\/v2\/posts"}],"about":[{"href":"https:\/\/www.europesays.com\/fr\/wp-json\/wp\/v2\/types\/post"}],"author":[{"embeddable":true,"href":"https:\/\/www.europesays.com\/fr\/wp-json\/wp\/v2\/users\/2"}],"replies":[{"embeddable":true,"href":"https:\/\/www.europesays.com\/fr\/wp-json\/wp\/v2\/comments?post=364415"}],"version-history":[{"count":0,"href":"https:\/\/www.europesays.com\/fr\/wp-json\/wp\/v2\/posts\/364415\/revisions"}],"wp:featuredmedia":[{"embeddable":true,"href":"https:\/\/www.europesays.com\/fr\/wp-json\/wp\/v2\/media\/364416"}],"wp:attachment":[{"href":"https:\/\/www.europesays.com\/fr\/wp-json\/wp\/v2\/media?parent=364415"}],"wp:term":[{"taxonomy":"category","embeddable":true,"href":"https:\/\/www.europesays.com\/fr\/wp-json\/wp\/v2\/categories?post=364415"},{"taxonomy":"post_tag","embeddable":true,"href":"https:\/\/www.europesays.com\/fr\/wp-json\/wp\/v2\/tags?post=364415"}],"curies":[{"name":"wp","href":"https:\/\/api.w.org\/{rel}","templated":true}]}}